{"id":1276,"date":"2014-11-22T01:01:00","date_gmt":"2014-11-22T01:01:00","guid":{"rendered":"https:\/\/cicb.com.br\/design2025\/2021\/?p=1276"},"modified":"2021-12-08T13:43:56","modified_gmt":"2021-12-08T13:43:56","slug":"ii-conferencia-nacional-de-educacao-conae","status":"publish","type":"post","link":"https:\/\/cicb.com.br\/design2025\/2014\/11\/22\/ii-conferencia-nacional-de-educacao-conae\/","title":{"rendered":"II Confer\u00eancia Nacional de Educa\u00e7\u00e3o &#8211; CONAE"},"content":{"rendered":"\n<p>A II Confer\u00eancia Nacional de Educa\u00e7\u00e3o &#8211; CONAE 2014 foi realizada de 19 a 22 de novembro de 2014 e ocupou todos os espa\u00e7os loc\u00e1veis do Centro Internacional de Conven\u00e7\u00f5es do Brasil &#8211; CICB. O evento, que reuniu gestores, educadores, pais e estudantes das redes p\u00fablica e privada, contou com a presen\u00e7a de mais de 4.000 participantes de todo o Brasil, e 70 palestrantes, entre eles a Presidenta da Rep\u00fablica Dilma Rousseff.<\/p>\n\n\n\n<figure class=\"wp-block-embed is-type-video is-provider-youtube wp-block-embed-youtube wp-embed-aspect-16-9 wp-has-aspect-ratio\"><div class=\"wp-block-embed__wrapper\">\n<iframe title=\"Confer\u00eancia Nacional de Educa\u00e7\u00e3o - CONAE 2014\" width=\"800\" height=\"450\" src=\"https:\/\/www.youtube.com\/embed\/9pmxuXyhyaY?feature=oembed\" frameborder=\"0\" allow=\"accelerometer; autoplay; clipboard-write; encrypted-media; gyroscope; picture-in-picture; web-share\" referrerpolicy=\"strict-origin-when-cross-origin\" allowfullscreen><\/iframe>\n<\/div><\/figure>\n","protected":false},"excerpt":{"rendered":"<p>A II Confer\u00eancia Nacional de Educa\u00e7\u00e3o &#8211; CONAE 2014 foi realizada de 19 a 22 de novembro de 2014 e ocupou todos os espa\u00e7os loc\u00e1veis do Centro Internacional de Conven\u00e7\u00f5es do Brasil &#8211; CICB. O evento, que reuniu gestores, educadores, pais e estudantes das redes p\u00fablica e privada, contou com a presen\u00e7a de mais de [&hellip;]<\/p>\n","protected":false},"author":2,"featured_media":0,"comment_status":"open","ping_status":"open","sticky":false,"template":"","format":"standard","meta":{"inline_featured_image":false,"footnotes":""},"categories":[12],"tags":[],"class_list":["post-1276","post","type-post","status-publish","format-standard","hentry","category-eventos-corporativos"],"_links":{"self":[{"href":"https:\/\/cicb.com.br\/design2025\/wp-json\/wp\/v2\/posts\/1276","targetHints":{"allow":["GET"]}}],"collection":[{"href":"https:\/\/cicb.com.br\/design2025\/wp-json\/wp\/v2\/posts"}],"about":[{"href":"https:\/\/cicb.com.br\/design2025\/wp-json\/wp\/v2\/types\/post"}],"author":[{"embeddable":true,"href":"https:\/\/cicb.com.br\/design2025\/wp-json\/wp\/v2\/users\/2"}],"replies":[{"embeddable":true,"href":"https:\/\/cicb.com.br\/design2025\/wp-json\/wp\/v2\/comments?post=1276"}],"version-history":[{"count":0,"href":"https:\/\/cicb.com.br\/design2025\/wp-json\/wp\/v2\/posts\/1276\/revisions"}],"wp:attachment":[{"href":"https:\/\/cicb.com.br\/design2025\/wp-json\/wp\/v2\/media?parent=1276"}],"wp:term":[{"taxonomy":"category","embeddable":true,"href":"https:\/\/cicb.com.br\/design2025\/wp-json\/wp\/v2\/categories?post=1276"},{"taxonomy":"post_tag","embeddable":true,"href":"https:\/\/cicb.com.br\/design2025\/wp-json\/wp\/v2\/tags?post=1276"}],"curies":[{"name":"wp","href":"https:\/\/api.w.org\/{rel}","templated":true}]}}