{"id":1294,"date":"2021-06-24T01:23:00","date_gmt":"2021-06-24T01:23:00","guid":{"rendered":"https:\/\/cicb.com.br\/design2025\/2021\/?p=1294"},"modified":"2021-12-08T13:44:57","modified_gmt":"2021-12-08T13:44:57","slug":"feiras-de-negocios","status":"publish","type":"post","link":"https:\/\/cicb.com.br\/design2025\/2021\/06\/24\/feiras-de-negocios\/","title":{"rendered":"FEIRAS DE NEG\u00d3CIOS"},"content":{"rendered":"\n<p>Bras\u00edlia &#8211; a Capital do Pa\u00eds &#8211; e que tem o Governo Federal como o maior comprador nacional, \u00e9 a cidade perfeita para a realiza\u00e7\u00e3o do seu evento.<\/p>\n\n\n\n<p>O CICB \u2013 Centro Internacional de Conven\u00e7\u00f5es do Brasil, um dos maiores e mais completos centros de conven\u00e7\u00f5es da Am\u00e9rica do Sul, foi aqui edificado.<\/p>\n\n\n\n<p>Realizar a sua feira de neg\u00f3cios no CICB \u00e9 ter a oportunidade de interagir com todos os players do mercado. \u00c9 tornar sua marca e produtos vis\u00edveis e dispon\u00edveis para um consumidor cada vez mais \u00e1vido por conhecer novidades e tend\u00eancias.<\/p>\n\n\n\n<p>O que Bras\u00edlia e o CICB tem em comum? Eles s\u00e3o \u00fanicos e est\u00e3o no cora\u00e7\u00e3o do Brasil, concentrando todas as nuances e oportunidades de v\u00e1rios mercados e segmentos emergentes da nossa economia!<\/p>\n\n\n\n<figure class=\"wp-block-image size-full\"><img fetchpriority=\"high\" decoding=\"async\" width=\"800\" height=\"800\" src=\"https:\/\/cicb.com.br\/design2025\/2021\/wp-content\/uploads\/2021\/12\/1624536391612.jpg\" alt=\"\" class=\"wp-image-1295\" srcset=\"https:\/\/cicb.com.br\/design2025\/wp-content\/uploads\/2021\/12\/1624536391612.jpg 800w, https:\/\/cicb.com.br\/design2025\/wp-content\/uploads\/2021\/12\/1624536391612-300x300.jpg 300w, https:\/\/cicb.com.br\/design2025\/wp-content\/uploads\/2021\/12\/1624536391612-150x150.jpg 150w, https:\/\/cicb.com.br\/design2025\/wp-content\/uploads\/2021\/12\/1624536391612-768x768.jpg 768w, https:\/\/cicb.com.br\/design2025\/wp-content\/uploads\/2021\/12\/1624536391612-480x480.jpg 480w\" sizes=\"(max-width: 800px) 100vw, 800px\" \/><\/figure>\n","protected":false},"excerpt":{"rendered":"<p>Bras\u00edlia &#8211; a Capital do Pa\u00eds &#8211; e que tem o Governo Federal como o maior comprador nacional, \u00e9 a cidade perfeita para a realiza\u00e7\u00e3o do seu evento. O CICB \u2013 Centro Internacional de Conven\u00e7\u00f5es do Brasil, um dos maiores e mais completos centros de conven\u00e7\u00f5es da Am\u00e9rica do Sul, foi aqui edificado. Realizar a [&hellip;]<\/p>\n","protected":false},"author":2,"featured_media":0,"comment_status":"open","ping_status":"open","sticky":false,"template":"","format":"standard","meta":{"inline_featured_image":false,"footnotes":""},"categories":[14],"tags":[],"class_list":["post-1294","post","type-post","status-publish","format-standard","hentry","category-feiras-de-negocios"],"_links":{"self":[{"href":"https:\/\/cicb.com.br\/design2025\/wp-json\/wp\/v2\/posts\/1294","targetHints":{"allow":["GET"]}}],"collection":[{"href":"https:\/\/cicb.com.br\/design2025\/wp-json\/wp\/v2\/posts"}],"about":[{"href":"https:\/\/cicb.com.br\/design2025\/wp-json\/wp\/v2\/types\/post"}],"author":[{"embeddable":true,"href":"https:\/\/cicb.com.br\/design2025\/wp-json\/wp\/v2\/users\/2"}],"replies":[{"embeddable":true,"href":"https:\/\/cicb.com.br\/design2025\/wp-json\/wp\/v2\/comments?post=1294"}],"version-history":[{"count":0,"href":"https:\/\/cicb.com.br\/design2025\/wp-json\/wp\/v2\/posts\/1294\/revisions"}],"wp:attachment":[{"href":"https:\/\/cicb.com.br\/design2025\/wp-json\/wp\/v2\/media?parent=1294"}],"wp:term":[{"taxonomy":"category","embeddable":true,"href":"https:\/\/cicb.com.br\/design2025\/wp-json\/wp\/v2\/categories?post=1294"},{"taxonomy":"post_tag","embeddable":true,"href":"https:\/\/cicb.com.br\/design2025\/wp-json\/wp\/v2\/tags?post=1294"}],"curies":[{"name":"wp","href":"https:\/\/api.w.org\/{rel}","templated":true}]}}