{"id":1305,"date":"2021-09-24T01:47:00","date_gmt":"2021-09-24T01:47:00","guid":{"rendered":"https:\/\/cicb.com.br\/design2025\/2021\/?p=1305"},"modified":"2021-12-08T14:13:29","modified_gmt":"2021-12-08T14:13:29","slug":"semana-nacional-da-educacao-profissional-e-tecnologica-mec","status":"publish","type":"post","link":"https:\/\/cicb.com.br\/design2025\/2021\/09\/24\/semana-nacional-da-educacao-profissional-e-tecnologica-mec\/","title":{"rendered":"Semana Nacional da Educa\u00e7\u00e3o Profissional e Tecnol\u00f3gica &#8211; MEC"},"content":{"rendered":"\n<p>Aconteceu no CICB entre os dias 23 e 25 de setembro a &#8220;Semana Nacional da Educa\u00e7\u00e3o Profissional e Tecnol\u00f3gica&#8221;, organizada pela Viver Eventos para o Minist\u00e9rio da Educa\u00e7\u00e3o @mec juntamente com os Institutos Federais de todo o Brasil. Aproveitamos a ocasi\u00e3o para parabenizar a Rede Federal de todo o Pa\u00eds pelos 112 anos @ifb.<\/p>\n\n\n\n<p>O evento contou com mais de 1000 participantes circulando pelos stands de inova\u00e7\u00e3o e tecnologia, al\u00e9m das palestras. Para n\u00f3s do CICB \u00e9 sempre um prazer sediar eventos que proporcionam oportunidades de crescimento para o Brasil e, por isso, trabalhamos para que nosso espa\u00e7o seja o mais seguro e a experi\u00eancia do cliente a mais agrad\u00e1vel poss\u00edvel.<\/p>\n\n\n\n<p>A estrutura CICB \u00e9 \u00fanica e garante o cumprimento das normas sanit\u00e1rias de combate \u00e0 Covid-19.<\/p>\n\n\n\n<p>Venha voc\u00ea tamb\u00e9m viver a experi\u00eancia CICB!!<\/p>\n\n\n","protected":false},"excerpt":{"rendered":"<p>Aconteceu no CICB entre os dias 23 e 25 de setembro a &#8220;Semana Nacional da Educa\u00e7\u00e3o Profissional e Tecnol\u00f3gica&#8221;, organizada pela Viver Eventos para o Minist\u00e9rio da Educa\u00e7\u00e3o @mec juntamente com os Institutos Federais de todo o Brasil. Aproveitamos a ocasi\u00e3o para parabenizar a Rede Federal de todo o Pa\u00eds pelos 112 anos @ifb. O [&hellip;]<\/p>\n","protected":false},"author":2,"featured_media":0,"comment_status":"open","ping_status":"open","sticky":false,"template":"","format":"standard","meta":{"inline_featured_image":false,"footnotes":""},"categories":[1],"tags":[],"class_list":["post-1305","post","type-post","status-publish","format-standard","hentry","category-uncategorized"],"_links":{"self":[{"href":"https:\/\/cicb.com.br\/design2025\/wp-json\/wp\/v2\/posts\/1305","targetHints":{"allow":["GET"]}}],"collection":[{"href":"https:\/\/cicb.com.br\/design2025\/wp-json\/wp\/v2\/posts"}],"about":[{"href":"https:\/\/cicb.com.br\/design2025\/wp-json\/wp\/v2\/types\/post"}],"author":[{"embeddable":true,"href":"https:\/\/cicb.com.br\/design2025\/wp-json\/wp\/v2\/users\/2"}],"replies":[{"embeddable":true,"href":"https:\/\/cicb.com.br\/design2025\/wp-json\/wp\/v2\/comments?post=1305"}],"version-history":[{"count":0,"href":"https:\/\/cicb.com.br\/design2025\/wp-json\/wp\/v2\/posts\/1305\/revisions"}],"wp:attachment":[{"href":"https:\/\/cicb.com.br\/design2025\/wp-json\/wp\/v2\/media?parent=1305"}],"wp:term":[{"taxonomy":"category","embeddable":true,"href":"https:\/\/cicb.com.br\/design2025\/wp-json\/wp\/v2\/categories?post=1305"},{"taxonomy":"post_tag","embeddable":true,"href":"https:\/\/cicb.com.br\/design2025\/wp-json\/wp\/v2\/tags?post=1305"}],"curies":[{"name":"wp","href":"https:\/\/api.w.org\/{rel}","templated":true}]}}