{"id":1310,"date":"2021-12-02T02:13:00","date_gmt":"2021-12-02T02:13:00","guid":{"rendered":"https:\/\/cicb.com.br\/design2025\/2021\/?p=1310"},"modified":"2021-12-13T17:26:25","modified_gmt":"2021-12-13T17:26:25","slug":"congresso-unidas","status":"publish","type":"post","link":"https:\/\/cicb.com.br\/design2025\/2021\/12\/02\/congresso-unidas\/","title":{"rendered":"Congresso Unidas"},"content":{"rendered":"\n<p>Entre os dias 01 e 03 de dezembro aconteceu no CICB o 24\u00b0 Congresso Internacional&nbsp;<a href=\"https:\/\/www.linkedin.com\/company\/unidas-autogestao\/\" target=\"_blank\" rel=\"noopener\">Unidas Autogest\u00e3o<\/a>, que teve como tema o debate sobre os desafios da sa\u00fade coletiva no segmento suplementar.<\/p>\n\n\n\n<p>Em formato h\u00edbrido e presencial, mais de 800 pessoas participaram das palestras, simp\u00f3sios, workshops, \u00e1reas de exposi\u00e7\u00f5es. Os participantes que optaram pelo presencial se acomodaram no conforto e requinte do CICB Hospitality.<\/p>\n\n\n\n<p>Al\u00e9m das \u00e1reas de circula\u00e7\u00e3o, os participantes tiveram acesso ao estacionamento coberto com maior comodidade, conforto e seguran\u00e7a.&nbsp;<\/p>\n\n\n\n<p>Tudo isso faz parte do vivenciamento da melhor experi\u00eancia dentro de um Centro de Conven\u00e7\u00f5es como o CICB, que \u00e9 o maior e mais completo do Brasil. Nossa estrutura e servi\u00e7os impec\u00e1veis levam o seu evento a outro patamar, o da excel\u00eancia.<\/p>\n\n\n\n<figure class=\"wp-block-gallery columns-2 is-cropped wp-block-gallery-1 is-layout-flex wp-block-gallery-is-layout-flex\"><ul class=\"blocks-gallery-grid\"><li class=\"blocks-gallery-item\"><figure><img fetchpriority=\"high\" decoding=\"async\" width=\"1024\" height=\"768\" src=\"https:\/\/cicb.com.br\/design2025\/2021\/wp-content\/uploads\/2021\/12\/Unidas-1024x768.jpg\" alt=\"\" data-id=\"1312\" data-link=\"https:\/\/cicb.com.br\/design2025\/2021\/?attachment_id=1312\" class=\"wp-image-1312\" srcset=\"https:\/\/cicb.com.br\/design2025\/wp-content\/uploads\/2021\/12\/Unidas-1024x768.jpg 1024w, https:\/\/cicb.com.br\/design2025\/wp-content\/uploads\/2021\/12\/Unidas-300x225.jpg 300w, https:\/\/cicb.com.br\/design2025\/wp-content\/uploads\/2021\/12\/Unidas-768x576.jpg 768w, https:\/\/cicb.com.br\/design2025\/wp-content\/uploads\/2021\/12\/Unidas-1536x1151.jpg 1536w\" sizes=\"(max-width: 1024px) 100vw, 1024px\" \/><\/figure><\/li><li class=\"blocks-gallery-item\"><figure><img decoding=\"async\" width=\"1024\" height=\"682\" src=\"https:\/\/cicb.com.br\/design2025\/2021\/wp-content\/uploads\/2021\/12\/Unidas-2-1024x682.jpg\" alt=\"\" data-id=\"1313\" data-full-url=\"https:\/\/cicb.com.br\/design2025\/2021\/wp-content\/uploads\/2021\/12\/Unidas-2.jpg\" data-link=\"https:\/\/cicb.com.br\/design2025\/2021\/?attachment_id=1313\" class=\"wp-image-1313\" srcset=\"https:\/\/cicb.com.br\/design2025\/wp-content\/uploads\/2021\/12\/Unidas-2-1024x682.jpg 1024w, https:\/\/cicb.com.br\/design2025\/wp-content\/uploads\/2021\/12\/Unidas-2-300x200.jpg 300w, https:\/\/cicb.com.br\/design2025\/wp-content\/uploads\/2021\/12\/Unidas-2-768x512.jpg 768w, https:\/\/cicb.com.br\/design2025\/wp-content\/uploads\/2021\/12\/Unidas-2-1536x1023.jpg 1536w\" sizes=\"(max-width: 1024px) 100vw, 1024px\" \/><\/figure><\/li><\/ul><\/figure>\n","protected":false},"excerpt":{"rendered":"<p>Entre os dias 01 e 03 de dezembro aconteceu no CICB o 24\u00b0 Congresso Internacional&nbsp;Unidas Autogest\u00e3o, que teve como tema o debate sobre os desafios da sa\u00fade coletiva no segmento suplementar. Em formato h\u00edbrido e presencial, mais de 800 pessoas participaram das palestras, simp\u00f3sios, workshops, \u00e1reas de exposi\u00e7\u00f5es. Os participantes que optaram pelo presencial se [&hellip;]<\/p>\n","protected":false},"author":2,"featured_media":1313,"comment_status":"open","ping_status":"open","sticky":false,"template":"","format":"standard","meta":{"inline_featured_image":false,"footnotes":""},"categories":[12,6,14],"tags":[],"class_list":["post-1310","post","type-post","status-publish","format-standard","has-post-thumbnail","hentry","category-eventos-corporativos","category-eventos-recentes","category-feiras-de-negocios"],"_links":{"self":[{"href":"https:\/\/cicb.com.br\/design2025\/wp-json\/wp\/v2\/posts\/1310","targetHints":{"allow":["GET"]}}],"collection":[{"href":"https:\/\/cicb.com.br\/design2025\/wp-json\/wp\/v2\/posts"}],"about":[{"href":"https:\/\/cicb.com.br\/design2025\/wp-json\/wp\/v2\/types\/post"}],"author":[{"embeddable":true,"href":"https:\/\/cicb.com.br\/design2025\/wp-json\/wp\/v2\/users\/2"}],"replies":[{"embeddable":true,"href":"https:\/\/cicb.com.br\/design2025\/wp-json\/wp\/v2\/comments?post=1310"}],"version-history":[{"count":0,"href":"https:\/\/cicb.com.br\/design2025\/wp-json\/wp\/v2\/posts\/1310\/revisions"}],"wp:featuredmedia":[{"embeddable":true,"href":"https:\/\/cicb.com.br\/design2025\/wp-json\/wp\/v2\/media\/1313"}],"wp:attachment":[{"href":"https:\/\/cicb.com.br\/design2025\/wp-json\/wp\/v2\/media?parent=1310"}],"wp:term":[{"taxonomy":"category","embeddable":true,"href":"https:\/\/cicb.com.br\/design2025\/wp-json\/wp\/v2\/categories?post=1310"},{"taxonomy":"post_tag","embeddable":true,"href":"https:\/\/cicb.com.br\/design2025\/wp-json\/wp\/v2\/tags?post=1310"}],"curies":[{"name":"wp","href":"https:\/\/api.w.org\/{rel}","templated":true}]}}