{"id":1540,"date":"2022-02-24T15:31:00","date_gmt":"2022-02-24T18:31:00","guid":{"rendered":"https:\/\/cicb.com.br\/design2025\/?p=1540"},"modified":"2022-03-18T15:49:30","modified_gmt":"2022-03-18T18:49:30","slug":"confea-crea-e-mutua","status":"publish","type":"post","link":"https:\/\/cicb.com.br\/design2025\/2022\/02\/24\/confea-crea-e-mutua\/","title":{"rendered":"CONFEA\/CREA E M\u00daTUA"},"content":{"rendered":"\n<figure class=\"wp-block-image size-large\"><img fetchpriority=\"high\" decoding=\"async\" width=\"1024\" height=\"768\" src=\"https:\/\/cicb.com.br\/design2025\/wp-content\/uploads\/2022\/03\/CREACONFEA-Personalizado-1024x768.jpg\" alt=\"\" class=\"wp-image-1541\" srcset=\"https:\/\/cicb.com.br\/design2025\/wp-content\/uploads\/2022\/03\/CREACONFEA-Personalizado-1024x768.jpg 1024w, https:\/\/cicb.com.br\/design2025\/wp-content\/uploads\/2022\/03\/CREACONFEA-Personalizado-300x225.jpg 300w, https:\/\/cicb.com.br\/design2025\/wp-content\/uploads\/2022\/03\/CREACONFEA-Personalizado-768x576.jpg 768w, https:\/\/cicb.com.br\/design2025\/wp-content\/uploads\/2022\/03\/CREACONFEA-Personalizado-1536x1152.jpg 1536w, https:\/\/cicb.com.br\/design2025\/wp-content\/uploads\/2022\/03\/CREACONFEA-Personalizado.jpg 1920w\" sizes=\"(max-width: 1024px) 100vw, 1024px\" \/><\/figure>\n\n\n\n<p><\/p>\n\n\n\n<p>Aconteceu no CICB o 11\u00ba Encontro de L\u00edderes Representantes do Sistema Confea\/Crea e M\u00fatua, onde participaram cerca de 1.200 pessoas nos pisos 3 e 4. O evento reuniu l\u00edderes femininas que est\u00e3o a frente do Programa Mulher, que fazem parte do sistema CREA\/CONFEA de todo o pa\u00eds.<\/p>\n\n\n\n<p>No dia em que se celebram os 90 anos da conquista do voto feminino no Brasil, dia 24 de fevereiro, o Sistema Confea\/Crea e M\u00fatua tamb\u00e9m comemora o n\u00famero de profissionais mulheres inscritas: s\u00e3o 200 mil engenheiras, agr\u00f4nomas, meteorologistas,\u00a0ge\u00f3grafas, ge\u00f3logas,\u00a0enfim,\u00a0<strong>todas as mulheres representadas nas\u00a0<\/strong>profiss\u00f5es que comp\u00f5em o Sistema.<\/p>\n\n\n\n<p>As acomoda\u00e7\u00f5es do CICB oferecem ao cliente o que h\u00e1 de mais moderno com salas climatizadas e totalmente modul\u00e1veis para melhor estrutura do seu evento, com restaurante amplo que tem capacidade para servir, em m\u00e9dia, mais de 2 mil refei\u00e7\u00f5es\/dia, al\u00e9m do estacionamento coberto e privativo.<\/p>\n\n\n\n<p><em>Com informa\u00e7\u00f5es do site confea.org.br<\/em><\/p>\n\n\n\n<p><\/p>\n","protected":false},"excerpt":{"rendered":"<p>Aconteceu no CICB o 11\u00ba Encontro de L\u00edderes Representantes do Sistema Confea\/Crea e M\u00fatua, onde participaram cerca de 1.200 pessoas nos pisos 3 e 4. O evento reuniu l\u00edderes femininas que est\u00e3o a frente do Programa Mulher, que fazem parte do sistema CREA\/CONFEA de todo o pa\u00eds. No dia em que se celebram os 90 [&hellip;]<\/p>\n","protected":false},"author":2,"featured_media":1541,"comment_status":"open","ping_status":"open","sticky":false,"template":"","format":"standard","meta":{"inline_featured_image":false,"footnotes":""},"categories":[12],"tags":[],"class_list":["post-1540","post","type-post","status-publish","format-standard","has-post-thumbnail","hentry","category-eventos-corporativos"],"_links":{"self":[{"href":"https:\/\/cicb.com.br\/design2025\/wp-json\/wp\/v2\/posts\/1540","targetHints":{"allow":["GET"]}}],"collection":[{"href":"https:\/\/cicb.com.br\/design2025\/wp-json\/wp\/v2\/posts"}],"about":[{"href":"https:\/\/cicb.com.br\/design2025\/wp-json\/wp\/v2\/types\/post"}],"author":[{"embeddable":true,"href":"https:\/\/cicb.com.br\/design2025\/wp-json\/wp\/v2\/users\/2"}],"replies":[{"embeddable":true,"href":"https:\/\/cicb.com.br\/design2025\/wp-json\/wp\/v2\/comments?post=1540"}],"version-history":[{"count":0,"href":"https:\/\/cicb.com.br\/design2025\/wp-json\/wp\/v2\/posts\/1540\/revisions"}],"wp:featuredmedia":[{"embeddable":true,"href":"https:\/\/cicb.com.br\/design2025\/wp-json\/wp\/v2\/media\/1541"}],"wp:attachment":[{"href":"https:\/\/cicb.com.br\/design2025\/wp-json\/wp\/v2\/media?parent=1540"}],"wp:term":[{"taxonomy":"category","embeddable":true,"href":"https:\/\/cicb.com.br\/design2025\/wp-json\/wp\/v2\/categories?post=1540"},{"taxonomy":"post_tag","embeddable":true,"href":"https:\/\/cicb.com.br\/design2025\/wp-json\/wp\/v2\/tags?post=1540"}],"curies":[{"name":"wp","href":"https:\/\/api.w.org\/{rel}","templated":true}]}}