{"id":1672,"date":"2022-04-29T10:54:00","date_gmt":"2022-04-29T13:54:00","guid":{"rendered":"https:\/\/cicb.com.br\/design2025\/?p=1672"},"modified":"2022-08-27T16:20:49","modified_gmt":"2022-08-27T19:20:49","slug":"marcha-em-defesa-dos-municipios","status":"publish","type":"post","link":"https:\/\/cicb.com.br\/design2025\/2022\/04\/29\/marcha-em-defesa-dos-municipios\/","title":{"rendered":"MARCHA EM DEFESA DOS MUNIC\u00cdPIOS"},"content":{"rendered":"\n<p>Entre os dias 25 a 28 de abril recebemos no CICB um dos maiores eventos pol\u00edticos do pa\u00eds, a Marcha em Defesa dos Munic\u00edpios, organizada pela Confedera\u00e7\u00e3o Nacional de Munic\u00edpios (@portalcnm), que al\u00e9m da presen\u00e7a do presidente da Rep\u00fablica, reuniu cerca de 6 mil pessoas representantes dos munic\u00edpios de todo o pa\u00eds.<\/p>\n\n\n\n<p>Todo o evento aconteceu no piso 3, a plen\u00e1ria foi palco de discuss\u00f5es e debates de pautas importantes para os munic\u00edpios de todo o pa\u00eds.<\/p>\n\n\n\n<p>A \u00e1rea de exposi\u00e7\u00e3o com 2.500m\u00b2 recebeu cerca de 21 stands constru\u00eddos de diversos expositores dos mais variados nichos, tais como Banco do Brasil, Caixa Econ\u00f4mica Federal, Infraero, Sebrae, dentre outros.<\/p>\n\n\n\n<p>Para o credenciamento foi usada uma sala modul\u00e1vel de 500m\u00b2 com com mais de 30 guich\u00eas. J\u00e1 os guich\u00eas de atendimento aos pol\u00edticos foram montados no lobby, tamb\u00e9m do piso 3.<\/p>\n\n\n\n<p>Para a seguran\u00e7a de todos os participantes, foi montado um posto de testagem da COVID-19.<\/p>\n\n\n\n<p>Aqui no CICB dispomos dos melhores e mais requintados ambientes que d\u00e3o total suporte \u00e0 estrutura e modelagem do seu evento. Contate nosso comercial e fa\u00e7a o seu evento do Centro de Conven\u00e7\u00f5es mais completo do Brasil.<\/p>\n","protected":false},"excerpt":{"rendered":"<p>cEntre os dias 25 a 28 de abril recebemos no CICB um dos maiores eventos pol\u00edticos do pa\u00eds, a Marcha em Defesa dos Munic\u00edpios, organizada pela Confedera\u00e7\u00e3o Nacional de Munic\u00edpios (@portalcnm).<\/p>\n","protected":false},"author":2,"featured_media":1673,"comment_status":"open","ping_status":"open","sticky":false,"template":"","format":"standard","meta":{"inline_featured_image":false,"footnotes":""},"categories":[12],"tags":[],"class_list":["post-1672","post","type-post","status-publish","format-standard","has-post-thumbnail","hentry","category-eventos-corporativos"],"_links":{"self":[{"href":"https:\/\/cicb.com.br\/design2025\/wp-json\/wp\/v2\/posts\/1672","targetHints":{"allow":["GET"]}}],"collection":[{"href":"https:\/\/cicb.com.br\/design2025\/wp-json\/wp\/v2\/posts"}],"about":[{"href":"https:\/\/cicb.com.br\/design2025\/wp-json\/wp\/v2\/types\/post"}],"author":[{"embeddable":true,"href":"https:\/\/cicb.com.br\/design2025\/wp-json\/wp\/v2\/users\/2"}],"replies":[{"embeddable":true,"href":"https:\/\/cicb.com.br\/design2025\/wp-json\/wp\/v2\/comments?post=1672"}],"version-history":[{"count":0,"href":"https:\/\/cicb.com.br\/design2025\/wp-json\/wp\/v2\/posts\/1672\/revisions"}],"wp:featuredmedia":[{"embeddable":true,"href":"https:\/\/cicb.com.br\/design2025\/wp-json\/wp\/v2\/media\/1673"}],"wp:attachment":[{"href":"https:\/\/cicb.com.br\/design2025\/wp-json\/wp\/v2\/media?parent=1672"}],"wp:term":[{"taxonomy":"category","embeddable":true,"href":"https:\/\/cicb.com.br\/design2025\/wp-json\/wp\/v2\/categories?post=1672"},{"taxonomy":"post_tag","embeddable":true,"href":"https:\/\/cicb.com.br\/design2025\/wp-json\/wp\/v2\/tags?post=1672"}],"curies":[{"name":"wp","href":"https:\/\/api.w.org\/{rel}","templated":true}]}}