{"id":1679,"date":"2022-05-09T16:20:17","date_gmt":"2022-05-09T19:20:17","guid":{"rendered":"https:\/\/cicb.com.br\/design2025\/?p=1679"},"modified":"2022-08-27T16:19:23","modified_gmt":"2022-08-27T19:19:23","slug":"metodo-cis-febracis","status":"publish","type":"post","link":"https:\/\/cicb.com.br\/design2025\/2022\/05\/09\/metodo-cis-febracis\/","title":{"rendered":"M\u00c9TODO CIS &#8211; FEBRACIS"},"content":{"rendered":"\n<p>Entre os dias 04 e 07 de maio o palestrante e coach Paulo Vieira reuniu no CICB mais de 5.250 pessoas para um dos maiores treinamentos do pa\u00eds sobre intelig\u00eancia emocional do M\u00e9todo CIS da FEBRACIS.<\/p>\n\n\n\n<p>Todo o evento aconteceu no piso 3, a plen\u00e1ria com capacidade para mais de 4 mil pessoas foi usada para a imers\u00e3o, o lobby com cerca de 1250m\u00b2 foi dividido entre credenciamento, \u00e1rea de exposi\u00e7\u00e3o e pra\u00e7a de alimenta\u00e7\u00e3o.<\/p>\n\n\n\n<p>O restaurante, com \u00e1rea total 1.695m\u00b2 e capacidade para at\u00e9 4 mil refei\u00e7\u00f5es\/dia, foi administrado por nossos parceiros da Rio 40\u00ba Banqueteria.<\/p>\n\n\n\n<p>Assim como a equipe organizadora do evento, participantes vindos de outras cidades do pa\u00eds se acomodaram no conforto e praticidade que o CICB Hospitality oferece. Al\u00e9m da su\u00edte presidencial, os participantes ficaram hospedados em apartamentos individuais e duplos.<\/p>\n","protected":false},"excerpt":{"rendered":"<p>Entre os dias 04 e 07 de maio o palestrante e coach Paulo Vieira reuniu no CICB mais de 5.250 pessoas para um dos maiores treinamentos do pa\u00eds sobre intelig\u00eancia emocional do M\u00e9todo CIS da FEBRACIS.<\/p>\n","protected":false},"author":2,"featured_media":1680,"comment_status":"open","ping_status":"open","sticky":false,"template":"","format":"standard","meta":{"inline_featured_image":false,"footnotes":""},"categories":[12,6,13],"tags":[20,17,18,19],"class_list":["post-1679","post","type-post","status-publish","format-standard","has-post-thumbnail","hentry","category-eventos-corporativos","category-eventos-recentes","category-eventos-sociais","tag-eventos-em-brasilia","tag-febracis","tag-metodo-cis","tag-paulo-vieira"],"_links":{"self":[{"href":"https:\/\/cicb.com.br\/design2025\/wp-json\/wp\/v2\/posts\/1679","targetHints":{"allow":["GET"]}}],"collection":[{"href":"https:\/\/cicb.com.br\/design2025\/wp-json\/wp\/v2\/posts"}],"about":[{"href":"https:\/\/cicb.com.br\/design2025\/wp-json\/wp\/v2\/types\/post"}],"author":[{"embeddable":true,"href":"https:\/\/cicb.com.br\/design2025\/wp-json\/wp\/v2\/users\/2"}],"replies":[{"embeddable":true,"href":"https:\/\/cicb.com.br\/design2025\/wp-json\/wp\/v2\/comments?post=1679"}],"version-history":[{"count":0,"href":"https:\/\/cicb.com.br\/design2025\/wp-json\/wp\/v2\/posts\/1679\/revisions"}],"wp:featuredmedia":[{"embeddable":true,"href":"https:\/\/cicb.com.br\/design2025\/wp-json\/wp\/v2\/media\/1680"}],"wp:attachment":[{"href":"https:\/\/cicb.com.br\/design2025\/wp-json\/wp\/v2\/media?parent=1679"}],"wp:term":[{"taxonomy":"category","embeddable":true,"href":"https:\/\/cicb.com.br\/design2025\/wp-json\/wp\/v2\/categories?post=1679"},{"taxonomy":"post_tag","embeddable":true,"href":"https:\/\/cicb.com.br\/design2025\/wp-json\/wp\/v2\/tags?post=1679"}],"curies":[{"name":"wp","href":"https:\/\/api.w.org\/{rel}","templated":true}]}}