{"id":1682,"date":"2022-05-04T16:25:00","date_gmt":"2022-05-04T19:25:00","guid":{"rendered":"https:\/\/cicb.com.br\/design2025\/?p=1682"},"modified":"2022-08-27T16:20:09","modified_gmt":"2022-08-27T19:20:09","slug":"expolab","status":"publish","type":"post","link":"https:\/\/cicb.com.br\/design2025\/2022\/05\/04\/expolab\/","title":{"rendered":"EXPOLAB"},"content":{"rendered":"\n<p>O Minist\u00e9rio da Sa\u00fade em parceria com a Organiza\u00e7\u00e3o Pan-Americana da Sa\u00fade (OPAS), trouxeram para o CICB a 1\u00aa Mostra Nacional de Experi\u00eancias das Redes de Laborat\u00f3rios de Sa\u00fade P\u00fablica -EXPOLAB, realizada ontem (04\/05).<\/p>\n\n\n\n<p>O evento aconteceu no Piso 1 e contou com a presen\u00e7a do ministro da sa\u00fade, Marcelo Queiroga, e mais de 160 participantes do Brasil e do exterior.<\/p>\n\n\n\n<p>Para montagem do evento foram usadas 9 salas modulares com \u00e1rea total de 1.450m\u00b2. Requinte, qualidade e conforto s\u00e3o sin\u00f4nimos do CICB, o maior e mais completo Centro de Conven\u00e7\u00f5es da Am\u00e9rica Latina!<\/p>\n\n\n\n<p>Para maiores informa\u00e7\u00f5es, contate nosso comercial atrav\u00e9s do e-mail&nbsp;<a href=\"mailto:comercial@cicb.com.br\">comercial@cicb.com.br<\/a>&nbsp;ou WhatsApp (61) 2196-9030.<\/p>\n","protected":false},"excerpt":{"rendered":"<p>O Minist\u00e9rio da Sa\u00fade em parceria com a Organiza\u00e7\u00e3o Pan-Americana da Sa\u00fade (OPAS), trouxeram para o CICB a 1\u00aa Mostra Nacional de Experi\u00eancias das Redes de Laborat\u00f3rios de Sa\u00fade P\u00fablica -EXPOLAB, realizada ontem (04\/05).<\/p>\n","protected":false},"author":2,"featured_media":1683,"comment_status":"open","ping_status":"open","sticky":false,"template":"","format":"standard","meta":{"inline_featured_image":false,"footnotes":""},"categories":[12,6],"tags":[],"class_list":["post-1682","post","type-post","status-publish","format-standard","has-post-thumbnail","hentry","category-eventos-corporativos","category-eventos-recentes"],"_links":{"self":[{"href":"https:\/\/cicb.com.br\/design2025\/wp-json\/wp\/v2\/posts\/1682","targetHints":{"allow":["GET"]}}],"collection":[{"href":"https:\/\/cicb.com.br\/design2025\/wp-json\/wp\/v2\/posts"}],"about":[{"href":"https:\/\/cicb.com.br\/design2025\/wp-json\/wp\/v2\/types\/post"}],"author":[{"embeddable":true,"href":"https:\/\/cicb.com.br\/design2025\/wp-json\/wp\/v2\/users\/2"}],"replies":[{"embeddable":true,"href":"https:\/\/cicb.com.br\/design2025\/wp-json\/wp\/v2\/comments?post=1682"}],"version-history":[{"count":0,"href":"https:\/\/cicb.com.br\/design2025\/wp-json\/wp\/v2\/posts\/1682\/revisions"}],"wp:featuredmedia":[{"embeddable":true,"href":"https:\/\/cicb.com.br\/design2025\/wp-json\/wp\/v2\/media\/1683"}],"wp:attachment":[{"href":"https:\/\/cicb.com.br\/design2025\/wp-json\/wp\/v2\/media?parent=1682"}],"wp:term":[{"taxonomy":"category","embeddable":true,"href":"https:\/\/cicb.com.br\/design2025\/wp-json\/wp\/v2\/categories?post=1682"},{"taxonomy":"post_tag","embeddable":true,"href":"https:\/\/cicb.com.br\/design2025\/wp-json\/wp\/v2\/tags?post=1682"}],"curies":[{"name":"wp","href":"https:\/\/api.w.org\/{rel}","templated":true}]}}