{"id":1719,"date":"2022-05-31T10:35:00","date_gmt":"2022-05-31T13:35:00","guid":{"rendered":"https:\/\/cicb.com.br\/design2025\/?p=1719"},"modified":"2022-08-27T16:18:53","modified_gmt":"2022-08-27T19:18:53","slug":"acessibilidade-x-eventos","status":"publish","type":"post","link":"https:\/\/cicb.com.br\/design2025\/2022\/05\/31\/acessibilidade-x-eventos\/","title":{"rendered":"ACESSIBILIDADE X EVENTOS"},"content":{"rendered":"\n<p>Quando falamos de acessibilidade \u00e9 importante nos atentarmos \u00e0 necessidade de cada participante e\/ou cliente de sentir-se confort\u00e1vel no ambiente.<\/p>\n\n\n\n<p>O Centro Internacional de Conven\u00e7\u00f5es do Brasil &#8211; CICB \u00e9 totalmente adaptado de acordo com as exig\u00eancias do Conselho Nacional dos Direitos das Pessoas com Defici\u00eancia &#8211; CONADE. Possui 5 pisos e disp\u00f5e de elevadores que interligam todos eles, al\u00e9m de rampas de acesso para melhor locomo\u00e7\u00e3o de participantes PCD, banheiros acess\u00edveis com torneiras, sanit\u00e1rios e mict\u00f3rios autom\u00e1ticos, piso t\u00e1til em todos os andares, estacionamento coberto e com acesso direto aos elevadores comuns e privativos.<\/p>\n\n\n\n<p>O CICB Hospitality conta com quartos totalmente acess\u00edveis, elevadores e corredores para melhor acesso \u00e0s acomoda\u00e7\u00f5es.<\/p>\n\n\n\n<p>O CICB \u00e9 vers\u00e1til, \u00fanico e m\u00faltiplo porque foi projetado para proporcionar conforto e qualidade a todos os participantes e clientes!<\/p>\n","protected":false},"excerpt":{"rendered":"<p>Quando falamos de acessibilidade \u00e9 importante nos atentarmos \u00e0 necessidade de cada participante e\/ou cliente de sentir-se confort\u00e1vel no ambiente.<\/p>\n","protected":false},"author":2,"featured_media":1722,"comment_status":"open","ping_status":"open","sticky":false,"template":"","format":"standard","meta":{"inline_featured_image":false,"footnotes":""},"categories":[12],"tags":[],"class_list":["post-1719","post","type-post","status-publish","format-standard","has-post-thumbnail","hentry","category-eventos-corporativos"],"_links":{"self":[{"href":"https:\/\/cicb.com.br\/design2025\/wp-json\/wp\/v2\/posts\/1719","targetHints":{"allow":["GET"]}}],"collection":[{"href":"https:\/\/cicb.com.br\/design2025\/wp-json\/wp\/v2\/posts"}],"about":[{"href":"https:\/\/cicb.com.br\/design2025\/wp-json\/wp\/v2\/types\/post"}],"author":[{"embeddable":true,"href":"https:\/\/cicb.com.br\/design2025\/wp-json\/wp\/v2\/users\/2"}],"replies":[{"embeddable":true,"href":"https:\/\/cicb.com.br\/design2025\/wp-json\/wp\/v2\/comments?post=1719"}],"version-history":[{"count":0,"href":"https:\/\/cicb.com.br\/design2025\/wp-json\/wp\/v2\/posts\/1719\/revisions"}],"wp:featuredmedia":[{"embeddable":true,"href":"https:\/\/cicb.com.br\/design2025\/wp-json\/wp\/v2\/media\/1722"}],"wp:attachment":[{"href":"https:\/\/cicb.com.br\/design2025\/wp-json\/wp\/v2\/media?parent=1719"}],"wp:term":[{"taxonomy":"category","embeddable":true,"href":"https:\/\/cicb.com.br\/design2025\/wp-json\/wp\/v2\/categories?post=1719"},{"taxonomy":"post_tag","embeddable":true,"href":"https:\/\/cicb.com.br\/design2025\/wp-json\/wp\/v2\/tags?post=1719"}],"curies":[{"name":"wp","href":"https:\/\/api.w.org\/{rel}","templated":true}]}}