{"id":1726,"date":"2022-06-09T14:29:07","date_gmt":"2022-06-09T17:29:07","guid":{"rendered":"https:\/\/cicb.com.br\/design2025\/?p=1726"},"modified":"2022-08-27T16:18:14","modified_gmt":"2022-08-27T19:18:14","slug":"alvara-eventual-o-que-e","status":"publish","type":"post","link":"https:\/\/cicb.com.br\/design2025\/2022\/06\/09\/alvara-eventual-o-que-e\/","title":{"rendered":"ALVAR\u00c1 EVENTUAL, O QUE \u00c9?"},"content":{"rendered":"\n<p>Bras\u00edlia \u00e9 a capital da divers\u00e3o e da cultura, e aqui no CICB n\u00f3s recebemos os mais variados tipos de eventos, sejam eles de pequeno, m\u00e9dio ou grande porte. Para que sejam realizados com total legalidade junto aos \u00f3rg\u00e3os fiscalizadores, \u00e9 necess\u00e1rio a emiss\u00e3o do alvar\u00e1 eventual. Eventos de pequeno porte comportam at\u00e9 mil pessoas, j\u00e1 os de m\u00e9dio porte acomodam, em m\u00e9dia, dez mil pessoas e os de grande porte abrangem cerca de trinta mil participantes.<\/p>\n\n\n\n<p>Para a realiza\u00e7\u00e3o de um evento \u00e9 indispens\u00e1vel que seja solicitado \u00e0 Secretaria de Seguran\u00e7a P\u00fablica (SSP) a Licen\u00e7a Eventual com at\u00e9 40 dias de anteced\u00eancia \u00e0 data de realiza\u00e7\u00e3o do evento. \u00c9 importante ressaltar que o alvar\u00e1 s\u00f3 \u00e9 v\u00e1lido por apenas 30 dias, renov\u00e1vel por igual per\u00edodo, uma \u00fanica vez.<\/p>\n\n\n\n<p>Para retirada de alvar\u00e1 eventual, segundo a Lei 5.281 de 24\/12\/2013, s\u00e3o necess\u00e1rios os seguintes documentos:<\/p>\n\n\n\n<p>1- Nome do evento, local, data, hor\u00e1rio de in\u00edcio e per\u00edodo de dura\u00e7\u00e3o;<br>2- Croqui do projeto de utiliza\u00e7\u00e3o do local do evento, indicando dimens\u00f5es gerais, \u00e1rea total a ser utilizada, palco e outros equipamentos a serem instalados;<br>3- Declara\u00e7\u00e3o de p\u00fablico estimado;<br>4- Descri\u00e7\u00e3o das medidas de seguran\u00e7a e de preven\u00e7\u00e3o contra inc\u00eandio e p\u00e2nico a serem adotadas;<br>5- Protocolo de comunica\u00e7\u00e3o dirigido \u00e0 Secretaria de Estado de Seguran\u00e7a P\u00fablica e \u00e0 Vara da Inf\u00e2ncia e Juventude do Distrito Federal sobre a realiza\u00e7\u00e3o do evento;<br>6- Autoriza\u00e7\u00e3o para utiliza\u00e7\u00e3o da \u00e1rea, se for o caso, ou documento que comprove posse ou propriedade do local de realiza\u00e7\u00e3o do evento;<br>7- Declara\u00e7\u00e3o de responsabilidade pela limpeza da \u00e1rea p\u00fablica utilizada, ap\u00f3s a realiza\u00e7\u00e3o do evento;<br>8- Indica\u00e7\u00e3o do respons\u00e1vel t\u00e9cnico pela seguran\u00e7a que acompanhar\u00e1 as vistorias e executar\u00e1 as medidas corretivas determinadas pelo \u00f3rg\u00e3o ou entidade competente;<br>9- Termo de responsabilidade pela realiza\u00e7\u00e3o do evento, firmado pela pessoa f\u00edsica ou representante legal da pessoa jur\u00eddica respons\u00e1vel pela realiza\u00e7\u00e3o do evento.<\/p>\n\n\n\n<p>Al\u00e9m dos documentos listados acima, devem ser apresentados tamb\u00e9m, em caso de pessoa jur\u00eddica:<\/p>\n\n\n\n<p>1- C\u00f3pia do contrato social registrado na respectiva Junta Comercial;<br>2- Inscri\u00e7\u00e3o no Cadastro Nacional da Pessoa Jur\u00eddica \u2013 CNPJ;<br>3- Comprovante de regularidade fiscal distrital e federal;<\/p>\n\n\n\n<p>Em caso de pessoa f\u00edsica:<\/p>\n\n\n\n<p>1- C\u00f3pia autenticada de documento de identifica\u00e7\u00e3o;<br>2- Inscri\u00e7\u00e3o no Cadastro de Pessoas F\u00edsicas \u2013 CPF;<\/p>\n\n\n\n<p>Para eventos de m\u00e9dio e grande porte, \u00e9 obrigat\u00f3ria a apresenta\u00e7\u00e3o dos documentos a seguir:<\/p>\n\n\n\n<p>1- Projeto b\u00e1sico apontando as condi\u00e7\u00f5es necess\u00e1rias de seguran\u00e7a, as medidas de preven\u00e7\u00e3o contra inc\u00eandio e p\u00e2nico e o n\u00famero de pessoas que trabalhar\u00e3o no evento;<br>2- Anota\u00e7\u00e3o de Responsabilidade T\u00e9cnica \u2013 ART ou registro de responsabilidade t\u00e9cnica \u2013 RRT assinado por profissional habilitado e registrado em \u00f3rg\u00e3o de classe;<br>3- Termo de ajuste t\u00e9cnico de consulta pr\u00e9via da Secretaria de Estado de Defesa Civil.<\/p>\n\n\n\n<p>Tamb\u00e9m segundo a Lei 5.281 de 24\/12\/2013, torna-se necess\u00e1rio:<\/p>\n\n\n\n<p>1- Deve ser indeferido o requerimento de licen\u00e7a para eventos apresentado por promotor, organizador ou respons\u00e1vel que possua algum impedimento ou suspens\u00e3o junto \u00e0 Administra\u00e7\u00e3o P\u00fablica do Distrito Federal.<\/p>\n\n\n\n<p>2- De acordo com a classifica\u00e7\u00e3o do evento, o Poder P\u00fablico pode exigir grupo gerador, posto de atendimento m\u00e9dico licenciado com ambul\u00e2ncia, equipes de seguran\u00e7a e demais condi\u00e7\u00f5es necess\u00e1rias ao atendimento do interesse p\u00fablico.<\/p>\n\n\n\n<p>Caso as condi\u00e7\u00f5es acima sejam descumpridas durante a organiza\u00e7\u00e3o e planejamento, o \u00f3rg\u00e3o ou entidade competente deve exigir as medidas corretivas ou, n\u00e3o sendo poss\u00edvel, impedir a realiza\u00e7\u00e3o ou a continuidade do evento.<\/p>\n\n\n\n<p>Al\u00e9m de todas as informa\u00e7\u00f5es citadas, \u00e9 importante ressaltar a import\u00e2ncia do comprometimento do produtor com a prote\u00e7\u00e3o ao meio ambiente, atentar-se \u00e0 seguran\u00e7a, higiene e prote\u00e7\u00e3o contra inc\u00eandios, regularidade da edifica\u00e7\u00e3o e limites sonoros permitidos.<\/p>\n\n\n\n<p><\/p>\n\n\n\n<p>Todas as informa\u00e7\u00f5es a respeito de documenta\u00e7\u00f5es tamb\u00e9m pode ser encontrada no site da <a href=\"https:\/\/www.planopiloto.df.gov.br\/2019\/07\/12\/licenciamento-de-eventos\/\" data-type=\"URL\" data-id=\"https:\/\/www.planopiloto.df.gov.br\/2019\/07\/12\/licenciamento-de-eventos\/\" target=\"_blank\" rel=\"noopener\">administra\u00e7\u00e3o do Plano Piloto<\/a><\/p>\n","protected":false},"excerpt":{"rendered":"<p>Bras\u00edlia \u00e9 a capital da divers\u00e3o e da cultura, e aqui no CICB n\u00f3s recebemos os mais variados tipos de eventos, sejam eles de pequeno, m\u00e9dio ou grande porte.<\/p>\n","protected":false},"author":2,"featured_media":1727,"comment_status":"open","ping_status":"open","sticky":false,"template":"","format":"standard","meta":{"inline_featured_image":false,"footnotes":""},"categories":[6],"tags":[23,21,22,20],"class_list":["post-1726","post","type-post","status-publish","format-standard","has-post-thumbnail","hentry","category-eventos-recentes","tag-alvara-para-eventos","tag-cicb-eventos","tag-eventos-corporativos","tag-eventos-em-brasilia"],"_links":{"self":[{"href":"https:\/\/cicb.com.br\/design2025\/wp-json\/wp\/v2\/posts\/1726","targetHints":{"allow":["GET"]}}],"collection":[{"href":"https:\/\/cicb.com.br\/design2025\/wp-json\/wp\/v2\/posts"}],"about":[{"href":"https:\/\/cicb.com.br\/design2025\/wp-json\/wp\/v2\/types\/post"}],"author":[{"embeddable":true,"href":"https:\/\/cicb.com.br\/design2025\/wp-json\/wp\/v2\/users\/2"}],"replies":[{"embeddable":true,"href":"https:\/\/cicb.com.br\/design2025\/wp-json\/wp\/v2\/comments?post=1726"}],"version-history":[{"count":0,"href":"https:\/\/cicb.com.br\/design2025\/wp-json\/wp\/v2\/posts\/1726\/revisions"}],"wp:featuredmedia":[{"embeddable":true,"href":"https:\/\/cicb.com.br\/design2025\/wp-json\/wp\/v2\/media\/1727"}],"wp:attachment":[{"href":"https:\/\/cicb.com.br\/design2025\/wp-json\/wp\/v2\/media?parent=1726"}],"wp:term":[{"taxonomy":"category","embeddable":true,"href":"https:\/\/cicb.com.br\/design2025\/wp-json\/wp\/v2\/categories?post=1726"},{"taxonomy":"post_tag","embeddable":true,"href":"https:\/\/cicb.com.br\/design2025\/wp-json\/wp\/v2\/tags?post=1726"}],"curies":[{"name":"wp","href":"https:\/\/api.w.org\/{rel}","templated":true}]}}