{"id":1736,"date":"2022-06-29T11:31:56","date_gmt":"2022-06-29T14:31:56","guid":{"rendered":"https:\/\/cicb.com.br\/design2025\/?p=1736"},"modified":"2022-08-27T16:17:26","modified_gmt":"2022-08-27T19:17:26","slug":"voce-sabe-o-que-e-o-ecad","status":"publish","type":"post","link":"https:\/\/cicb.com.br\/design2025\/2022\/06\/29\/voce-sabe-o-que-e-o-ecad\/","title":{"rendered":"VOC\u00ca SABE O QUE \u00c9 O ECAD?"},"content":{"rendered":"\n<p>Se voc\u00ea est\u00e1 produzindo um evento pela primeira vez \u00e9 importante saber que existem alguns itens que s\u00e3o imprescind\u00edveis, como o ECAD, por exemplo.<\/p>\n\n\n\n<p><\/p>\n\n\n\n<p>O ECAD \u00e9 o Escrit\u00f3rio Central de Arrecada\u00e7\u00e3o e Distribui\u00e7\u00e3o, \u00e9 uma institui\u00e7\u00e3o privada e sem fins lucrativos, regido pelas leis 9.610\/98 e 12.853\/13 que garantem os direitos autorais. \u00c9 administrado por associa\u00e7\u00f5es de m\u00fasica que facilitam a distribui\u00e7\u00e3o e o pagamento de direitos autorais \u00e0 artistas cadastrados na institui\u00e7\u00e3o.<\/p>\n\n\n\n<p><\/p>\n\n\n\n<p>Devem pagar o ECAD todos os canais que utilizam m\u00fasica como bares, restaurantes, cinemas, produtores de eventos, r\u00e1dio, televis\u00e3o entre outros. Sendo assim, toda e qualquer m\u00fasica reproduzida durante o seu evento ser\u00e1 de forma legal porque o artista associado est\u00e1 recebendo por isso. Caso o pagamento n\u00e3o seja feito, o infrator poder\u00e1 responder judicialmente pois estar\u00e1 descumprindo a lei ao utilizar as m\u00fasicas indevidamente.<\/p>\n\n\n\n<p><\/p>\n\n\n\n<p>Informa\u00e7\u00f5es na \u00edntegra sobre como funciona o ECAD voc\u00ea pode verificar no site da Institui\u00e7\u00e3o:&nbsp;<a rel=\"noreferrer noopener\" href=\"http:\/\/ecad.org.br\/\" target=\"_blank\">ecad.org.br<\/a><\/p>\n","protected":false},"excerpt":{"rendered":"<p>Se voc\u00ea est\u00e1 produzindo um evento pela primeira vez \u00e9 importante saber que existem alguns itens que s\u00e3o imprescind\u00edveis, como o ECAD, por exemplo.<\/p>\n","protected":false},"author":2,"featured_media":1737,"comment_status":"open","ping_status":"open","sticky":false,"template":"","format":"standard","meta":{"inline_featured_image":false,"footnotes":""},"categories":[6],"tags":[21,26,22,20],"class_list":["post-1736","post","type-post","status-publish","format-standard","has-post-thumbnail","hentry","category-eventos-recentes","tag-cicb-eventos","tag-ecad","tag-eventos-corporativos","tag-eventos-em-brasilia"],"_links":{"self":[{"href":"https:\/\/cicb.com.br\/design2025\/wp-json\/wp\/v2\/posts\/1736","targetHints":{"allow":["GET"]}}],"collection":[{"href":"https:\/\/cicb.com.br\/design2025\/wp-json\/wp\/v2\/posts"}],"about":[{"href":"https:\/\/cicb.com.br\/design2025\/wp-json\/wp\/v2\/types\/post"}],"author":[{"embeddable":true,"href":"https:\/\/cicb.com.br\/design2025\/wp-json\/wp\/v2\/users\/2"}],"replies":[{"embeddable":true,"href":"https:\/\/cicb.com.br\/design2025\/wp-json\/wp\/v2\/comments?post=1736"}],"version-history":[{"count":0,"href":"https:\/\/cicb.com.br\/design2025\/wp-json\/wp\/v2\/posts\/1736\/revisions"}],"wp:featuredmedia":[{"embeddable":true,"href":"https:\/\/cicb.com.br\/design2025\/wp-json\/wp\/v2\/media\/1737"}],"wp:attachment":[{"href":"https:\/\/cicb.com.br\/design2025\/wp-json\/wp\/v2\/media?parent=1736"}],"wp:term":[{"taxonomy":"category","embeddable":true,"href":"https:\/\/cicb.com.br\/design2025\/wp-json\/wp\/v2\/categories?post=1736"},{"taxonomy":"post_tag","embeddable":true,"href":"https:\/\/cicb.com.br\/design2025\/wp-json\/wp\/v2\/tags?post=1736"}],"curies":[{"name":"wp","href":"https:\/\/api.w.org\/{rel}","templated":true}]}}