{"id":1739,"date":"2022-06-30T10:59:00","date_gmt":"2022-06-30T13:59:00","guid":{"rendered":"https:\/\/cicb.com.br\/design2025\/?p=1739"},"modified":"2022-08-27T16:17:04","modified_gmt":"2022-08-27T19:17:04","slug":"encontro-nacional-da-industria-enai","status":"publish","type":"post","link":"https:\/\/cicb.com.br\/design2025\/2022\/06\/30\/encontro-nacional-da-industria-enai\/","title":{"rendered":"ENCONTRO NACIONAL DA IND\u00daSTRIA- ENAI"},"content":{"rendered":"\n<p>O Piso 3 do CICB foi palco do Encontro Nacional da Ind\u00fastria &#8211; ENAI, que aconteceu hoje (30\/06), organizado pela Confedera\u00e7\u00e3o Nacional da Ind\u00fastria &#8211; CNI, e teve como tema: O Desafio da D\u00e9cada: Construindo o Mapa Estrat\u00e9gico da Ind\u00fastria 2022-2033.<\/p>\n\n\n\n<p><\/p>\n\n\n\n<p>O evento contou com uma estrutura inovadora e tecnol\u00f3gica com pain\u00e9is de led nos stands do IEL, #TELESSAUDE, SENAI e SESI, al\u00e9m do balc\u00e3o de credenciamento.<\/p>\n\n\n\n<p><\/p>\n\n\n\n<p>Para a plen\u00e1ria do piso 3 foram utilizadas quinze salas modul\u00e1veis e acomodou, em m\u00e9dia, 1200 participantes. Duas salas modul\u00e1veis foram usadas para almo\u00e7o de diretorias, al\u00e9m de sete salas vip para presidentes e autoridades.<\/p>\n","protected":false},"excerpt":{"rendered":"<p>O Piso 3 do CICB foi palco do Encontro Nacional da Ind\u00fastria &#8211; ENAI, que aconteceu hoje (30\/06), organizado pela Confedera\u00e7\u00e3o Nacional da Ind\u00fastria &#8211; CNI, e teve como tema: O Desafio da D\u00e9cada: Construindo o Mapa Estrat\u00e9gico da Ind\u00fastria 2022-2033.<\/p>\n","protected":false},"author":2,"featured_media":1741,"comment_status":"open","ping_status":"open","sticky":false,"template":"","format":"standard","meta":{"inline_featured_image":false,"footnotes":""},"categories":[12],"tags":[21,27,28,22,20,30,29],"class_list":["post-1739","post","type-post","status-publish","format-standard","has-post-thumbnail","hentry","category-eventos-corporativos","tag-cicb-eventos","tag-cni","tag-enai","tag-eventos-corporativos","tag-eventos-em-brasilia","tag-iel","tag-sesi"],"_links":{"self":[{"href":"https:\/\/cicb.com.br\/design2025\/wp-json\/wp\/v2\/posts\/1739","targetHints":{"allow":["GET"]}}],"collection":[{"href":"https:\/\/cicb.com.br\/design2025\/wp-json\/wp\/v2\/posts"}],"about":[{"href":"https:\/\/cicb.com.br\/design2025\/wp-json\/wp\/v2\/types\/post"}],"author":[{"embeddable":true,"href":"https:\/\/cicb.com.br\/design2025\/wp-json\/wp\/v2\/users\/2"}],"replies":[{"embeddable":true,"href":"https:\/\/cicb.com.br\/design2025\/wp-json\/wp\/v2\/comments?post=1739"}],"version-history":[{"count":0,"href":"https:\/\/cicb.com.br\/design2025\/wp-json\/wp\/v2\/posts\/1739\/revisions"}],"wp:featuredmedia":[{"embeddable":true,"href":"https:\/\/cicb.com.br\/design2025\/wp-json\/wp\/v2\/media\/1741"}],"wp:attachment":[{"href":"https:\/\/cicb.com.br\/design2025\/wp-json\/wp\/v2\/media?parent=1739"}],"wp:term":[{"taxonomy":"category","embeddable":true,"href":"https:\/\/cicb.com.br\/design2025\/wp-json\/wp\/v2\/categories?post=1739"},{"taxonomy":"post_tag","embeddable":true,"href":"https:\/\/cicb.com.br\/design2025\/wp-json\/wp\/v2\/tags?post=1739"}],"curies":[{"name":"wp","href":"https:\/\/api.w.org\/{rel}","templated":true}]}}