{"id":1743,"date":"2022-07-06T15:27:00","date_gmt":"2022-07-06T18:27:00","guid":{"rendered":"https:\/\/cicb.com.br\/design2025\/?p=1743"},"modified":"2022-08-27T16:15:21","modified_gmt":"2022-08-27T19:15:21","slug":"sebrae","status":"publish","type":"post","link":"https:\/\/cicb.com.br\/design2025\/2022\/07\/06\/sebrae\/","title":{"rendered":"SEBRAE"},"content":{"rendered":"\n<p>Por ser um Centro de Conven\u00e7\u00f5es Internacional e o mais completo do Brasil, n\u00f3s recebemos eventos \u00fanicos! Aconteceu um dos maiores encontros do empreendedorismo do pa\u00eds em comemora\u00e7\u00e3o aos 50 anos do&nbsp;<a href=\"https:\/\/www.linkedin.com\/company\/sebrae\/\" target=\"_blank\" rel=\"noreferrer noopener\">Sebrae<\/a>&nbsp;e lan\u00e7amento do Canal Empreender.<\/p>\n\n\n\n<p>Todo o evento aconteceu no piso 3 e foi feita uma montagem diferenciada que em um lado da plen\u00e1ria foi montado o palco para debates e discuss\u00f5es, em outra disposi\u00e7\u00e3o da sala foi disponibilizado espa\u00e7o para coquetel, palco para shows e pain\u00e9is caracterizados para fotos.<\/p>\n\n\n\n<p>No lobby foi disponibilizado espa\u00e7o para guich\u00eas de credenciamento e um ambiente para descontra\u00e7\u00e3o com diversos bistr\u00f4s.<\/p>\n\n\n\n<p>Ser \u00fanico e m\u00faltiplo \u00e9 o que faz de n\u00f3s um centro de conven\u00e7\u00f5es com in\u00fameras possibilidades e todas elas com foco em tornar o seu evento inesquec\u00edvel!<\/p>\n\n\n\n<p><\/p>\n","protected":false},"excerpt":{"rendered":"<p>Por ser um Centro de Conven\u00e7\u00f5es Internacional e o mais completo do Brasil, n\u00f3s recebemos eventos \u00fanicos! Aconteceu um dos maiores encontros do empreendedorismo do pa\u00eds em comemora\u00e7\u00e3o aos 50 anos do\u00a0Sebrae\u00a0e lan\u00e7amento do Canal Empreender.<\/p>\n","protected":false},"author":2,"featured_media":1744,"comment_status":"open","ping_status":"open","sticky":false,"template":"","format":"standard","meta":{"inline_featured_image":false,"footnotes":""},"categories":[12],"tags":[33,21,22,20,32],"class_list":["post-1743","post","type-post","status-publish","format-standard","has-post-thumbnail","hentry","category-eventos-corporativos","tag-canal-empreender","tag-cicb-eventos","tag-eventos-corporativos","tag-eventos-em-brasilia","tag-sebrae-50-anos"],"_links":{"self":[{"href":"https:\/\/cicb.com.br\/design2025\/wp-json\/wp\/v2\/posts\/1743","targetHints":{"allow":["GET"]}}],"collection":[{"href":"https:\/\/cicb.com.br\/design2025\/wp-json\/wp\/v2\/posts"}],"about":[{"href":"https:\/\/cicb.com.br\/design2025\/wp-json\/wp\/v2\/types\/post"}],"author":[{"embeddable":true,"href":"https:\/\/cicb.com.br\/design2025\/wp-json\/wp\/v2\/users\/2"}],"replies":[{"embeddable":true,"href":"https:\/\/cicb.com.br\/design2025\/wp-json\/wp\/v2\/comments?post=1743"}],"version-history":[{"count":0,"href":"https:\/\/cicb.com.br\/design2025\/wp-json\/wp\/v2\/posts\/1743\/revisions"}],"wp:featuredmedia":[{"embeddable":true,"href":"https:\/\/cicb.com.br\/design2025\/wp-json\/wp\/v2\/media\/1744"}],"wp:attachment":[{"href":"https:\/\/cicb.com.br\/design2025\/wp-json\/wp\/v2\/media?parent=1743"}],"wp:term":[{"taxonomy":"category","embeddable":true,"href":"https:\/\/cicb.com.br\/design2025\/wp-json\/wp\/v2\/categories?post=1743"},{"taxonomy":"post_tag","embeddable":true,"href":"https:\/\/cicb.com.br\/design2025\/wp-json\/wp\/v2\/tags?post=1743"}],"curies":[{"name":"wp","href":"https:\/\/api.w.org\/{rel}","templated":true}]}}