{"id":1763,"date":"2022-08-27T16:13:02","date_gmt":"2022-08-27T19:13:02","guid":{"rendered":"https:\/\/cicb.com.br\/design2025\/?p=1763"},"modified":"2022-08-27T16:13:03","modified_gmt":"2022-08-27T19:13:03","slug":"transformar-juntos-sebrae","status":"publish","type":"post","link":"https:\/\/cicb.com.br\/design2025\/2022\/08\/27\/transformar-juntos-sebrae\/","title":{"rendered":"TRANSFORMAR JUNTOS &#8211; SEBRAE"},"content":{"rendered":"\n<p>O&nbsp;<a href=\"https:\/\/www.linkedin.com\/company\/sebrae\/\" target=\"_blank\" rel=\"noopener\">Sebrae<\/a>&nbsp;realizou aqui no CICB o&nbsp;<a href=\"https:\/\/www.linkedin.com\/feed\/hashtag\/?keywords=transformarjuntos2022&amp;highlightedUpdateUrns=urn%3Ali%3Aactivity%3A6958486548291948544\" target=\"_blank\" rel=\"noopener\">#TransformarJuntos2022<\/a>, evento que aconteceu presencialmente entre os dias 26 a 28 de julho, com transmiss\u00e3o on-line para todo o Brasil. Com a proposta de simplificar o ambiente de neg\u00f3cios e aumentar a participa\u00e7\u00e3o dos microempreendedores individuais (MEI), das micro e pequenas empresas e dos agricultores familiares nas compras governamentais.<\/p>\n\n\n\n<p>No lobby do piso 3 foi montado o balc\u00e3o de credenciamento expansivo que contou com doze guich\u00eas, al\u00e9m de cinco etiqueteiras. No mesmo ambiente tamb\u00e9m foi disponibilizado cafeteria e espa\u00e7o para descontra\u00e7\u00e3o dos participantes.<\/p>\n\n\n\n<p>Na \u00e1rea de feiras e exposi\u00e7\u00f5es foi montado um audit\u00f3rio para cerca de 500 pessoas para palestrantes de startups.<\/p>\n\n\n\n<p>Na plen\u00e1ria principal foram utilizadas 10 salas modulares divididas com aproximadamente 15 stands com os mais diversos expositores de micro e pequenas empresas. Tamb\u00e9m foi montado um audit\u00f3rio com cerca de 1400 lugares para palestras e mesa redonda.&nbsp;<\/p>\n\n\n\n<p>Fazer o seu evento no maior Centro de Conven\u00e7\u00f5es da Am\u00e9rica Latina oferece aos seus participantes uma experi\u00eancia \u00fanica com m\u00faltiplas possibilidades. Assim \u00e9 o CICB!!<\/p>\n","protected":false},"excerpt":{"rendered":"<p>O\u00a0Sebrae\u00a0realizou aqui no CICB o\u00a0#TransformarJuntos2022, evento que aconteceu presencialmente entre os dias 26 a 28 de julho, com transmiss\u00e3o on-line para todo o Brasil. Com a proposta de simplificar o ambiente de neg\u00f3cios e aumentar a participa\u00e7\u00e3o dos microempreendedores individuais (MEI), das micro e pequenas empresas e dos agricultores familiares nas compras governamentais.<\/p>\n","protected":false},"author":2,"featured_media":0,"comment_status":"open","ping_status":"open","sticky":false,"template":"","format":"standard","meta":{"inline_featured_image":false,"footnotes":""},"categories":[1],"tags":[],"class_list":["post-1763","post","type-post","status-publish","format-standard","hentry","category-uncategorized"],"_links":{"self":[{"href":"https:\/\/cicb.com.br\/design2025\/wp-json\/wp\/v2\/posts\/1763","targetHints":{"allow":["GET"]}}],"collection":[{"href":"https:\/\/cicb.com.br\/design2025\/wp-json\/wp\/v2\/posts"}],"about":[{"href":"https:\/\/cicb.com.br\/design2025\/wp-json\/wp\/v2\/types\/post"}],"author":[{"embeddable":true,"href":"https:\/\/cicb.com.br\/design2025\/wp-json\/wp\/v2\/users\/2"}],"replies":[{"embeddable":true,"href":"https:\/\/cicb.com.br\/design2025\/wp-json\/wp\/v2\/comments?post=1763"}],"version-history":[{"count":0,"href":"https:\/\/cicb.com.br\/design2025\/wp-json\/wp\/v2\/posts\/1763\/revisions"}],"wp:attachment":[{"href":"https:\/\/cicb.com.br\/design2025\/wp-json\/wp\/v2\/media?parent=1763"}],"wp:term":[{"taxonomy":"category","embeddable":true,"href":"https:\/\/cicb.com.br\/design2025\/wp-json\/wp\/v2\/categories?post=1763"},{"taxonomy":"post_tag","embeddable":true,"href":"https:\/\/cicb.com.br\/design2025\/wp-json\/wp\/v2\/tags?post=1763"}],"curies":[{"name":"wp","href":"https:\/\/api.w.org\/{rel}","templated":true}]}}