{"id":1786,"date":"2022-08-24T15:11:14","date_gmt":"2022-08-24T18:11:14","guid":{"rendered":"https:\/\/cicb.com.br\/design2025\/?p=1786"},"modified":"2022-08-27T16:11:24","modified_gmt":"2022-08-27T19:11:24","slug":"semana-de-competitividade","status":"publish","type":"post","link":"https:\/\/cicb.com.br\/design2025\/2022\/08\/24\/semana-de-competitividade\/","title":{"rendered":"SEMANA DE COMPETITIVIDADE"},"content":{"rendered":"\n<p>Entre os dias 23 e 24 de agosto recebemos a #SemanadeCompetitividade, organizada pelo Sistema OCB que representa o cooperativismo no Brasil. O evento aconteceu em nosso Piso 03 e recebeu cerca de 600 participantes.<\/p>\n\n\n\n<figure class=\"wp-block-image size-large\"><img fetchpriority=\"high\" decoding=\"async\" width=\"1024\" height=\"683\" src=\"https:\/\/cicb.com.br\/design2025\/wp-content\/uploads\/2022\/08\/linkedin-1-1024x683.jpg\" alt=\"\" class=\"wp-image-1788\" srcset=\"https:\/\/cicb.com.br\/design2025\/wp-content\/uploads\/2022\/08\/linkedin-1-1024x683.jpg 1024w, https:\/\/cicb.com.br\/design2025\/wp-content\/uploads\/2022\/08\/linkedin-1-300x200.jpg 300w, https:\/\/cicb.com.br\/design2025\/wp-content\/uploads\/2022\/08\/linkedin-1-768x512.jpg 768w, https:\/\/cicb.com.br\/design2025\/wp-content\/uploads\/2022\/08\/linkedin-1.jpg 1200w\" sizes=\"(max-width: 1024px) 100vw, 1024px\" \/><\/figure>\n\n\n\n<p>No lobby foram montados, em m\u00e9dia, 08 stands constru\u00eddos, al\u00e9m do balc\u00e3o de credenciamento e uma cozinha com a presen\u00e7a de chefs renomados. Na plen\u00e1ria e salas modul\u00e1veis aconteceram algumas palestras e mesas de debates.<\/p>\n\n\n\n<p>Venha vivenciar a experi\u00eancia CICB!!<\/p>\n\n\n\n<figure class=\"wp-block-image size-large\"><img decoding=\"async\" width=\"683\" height=\"1024\" src=\"https:\/\/cicb.com.br\/design2025\/wp-content\/uploads\/2022\/08\/linkedin-7-683x1024.jpg\" alt=\"\" class=\"wp-image-1790\" srcset=\"https:\/\/cicb.com.br\/design2025\/wp-content\/uploads\/2022\/08\/linkedin-7-683x1024.jpg 683w, https:\/\/cicb.com.br\/design2025\/wp-content\/uploads\/2022\/08\/linkedin-7-200x300.jpg 200w, https:\/\/cicb.com.br\/design2025\/wp-content\/uploads\/2022\/08\/linkedin-7-768x1152.jpg 768w, https:\/\/cicb.com.br\/design2025\/wp-content\/uploads\/2022\/08\/linkedin-7-1024x1536.jpg 1024w, https:\/\/cicb.com.br\/design2025\/wp-content\/uploads\/2022\/08\/linkedin-7.jpg 1200w\" sizes=\"(max-width: 683px) 100vw, 683px\" \/><\/figure>\n","protected":false},"excerpt":{"rendered":"<p>Entre os dias 23 e 24 de agosto recebemos a #SemanadeCompetitividade, organizada pelo Sistema OCB que representa o cooperativismo no Brasil. O evento aconteceu em nosso Piso 03 e recebeu cerca de 600 participantes.<\/p>\n","protected":false},"author":2,"featured_media":1787,"comment_status":"open","ping_status":"open","sticky":false,"template":"","format":"standard","meta":{"inline_featured_image":false,"footnotes":""},"categories":[12,6],"tags":[21,22,20],"class_list":["post-1786","post","type-post","status-publish","format-standard","has-post-thumbnail","hentry","category-eventos-corporativos","category-eventos-recentes","tag-cicb-eventos","tag-eventos-corporativos","tag-eventos-em-brasilia"],"_links":{"self":[{"href":"https:\/\/cicb.com.br\/design2025\/wp-json\/wp\/v2\/posts\/1786","targetHints":{"allow":["GET"]}}],"collection":[{"href":"https:\/\/cicb.com.br\/design2025\/wp-json\/wp\/v2\/posts"}],"about":[{"href":"https:\/\/cicb.com.br\/design2025\/wp-json\/wp\/v2\/types\/post"}],"author":[{"embeddable":true,"href":"https:\/\/cicb.com.br\/design2025\/wp-json\/wp\/v2\/users\/2"}],"replies":[{"embeddable":true,"href":"https:\/\/cicb.com.br\/design2025\/wp-json\/wp\/v2\/comments?post=1786"}],"version-history":[{"count":0,"href":"https:\/\/cicb.com.br\/design2025\/wp-json\/wp\/v2\/posts\/1786\/revisions"}],"wp:featuredmedia":[{"embeddable":true,"href":"https:\/\/cicb.com.br\/design2025\/wp-json\/wp\/v2\/media\/1787"}],"wp:attachment":[{"href":"https:\/\/cicb.com.br\/design2025\/wp-json\/wp\/v2\/media?parent=1786"}],"wp:term":[{"taxonomy":"category","embeddable":true,"href":"https:\/\/cicb.com.br\/design2025\/wp-json\/wp\/v2\/categories?post=1786"},{"taxonomy":"post_tag","embeddable":true,"href":"https:\/\/cicb.com.br\/design2025\/wp-json\/wp\/v2\/tags?post=1786"}],"curies":[{"name":"wp","href":"https:\/\/api.w.org\/{rel}","templated":true}]}}