{"id":2164,"date":"2022-09-02T14:55:51","date_gmt":"2022-09-02T17:55:51","guid":{"rendered":"https:\/\/cicb.com.br\/design2025\/?p=2164"},"modified":"2022-09-02T14:55:52","modified_gmt":"2022-09-02T17:55:52","slug":"32o-encontra-rh","status":"publish","type":"post","link":"https:\/\/cicb.com.br\/design2025\/2022\/09\/02\/32o-encontra-rh\/","title":{"rendered":"32\u00ba ENCONTRA RH"},"content":{"rendered":"\n<p>O piso 1 do CICB foi palco da 32\u00aa edi\u00e7\u00e3o do REENCONTRA RH com a tem\u00e1tica &#8220;Pessoas e Sentidos&#8221;, organizado pela Associa\u00e7\u00e3o Brasileira de Recursos Humanos do DF &#8211;\u00a0<a href=\"https:\/\/www.linkedin.com\/company\/associa%C3%A7%C4%81o-brasileira-de-recursos-humanos-do-df--abrh-df\/\" target=\"_blank\" rel=\"noopener\">ABRH-DF<\/a>\u00a0e reuniu cerca de 400 profissionais de recursos humanos de empresas diversas durante o evento.<\/p>\n\n\n\n<figure class=\"wp-block-image size-large\"><img fetchpriority=\"high\" decoding=\"async\" width=\"1024\" height=\"768\" src=\"https:\/\/cicb.com.br\/design2025\/wp-content\/uploads\/2022\/09\/linkedin-1024x768.jpeg\" alt=\"\" class=\"wp-image-2166\" srcset=\"https:\/\/cicb.com.br\/design2025\/wp-content\/uploads\/2022\/09\/linkedin-1024x768.jpeg 1024w, https:\/\/cicb.com.br\/design2025\/wp-content\/uploads\/2022\/09\/linkedin-300x225.jpeg 300w, https:\/\/cicb.com.br\/design2025\/wp-content\/uploads\/2022\/09\/linkedin-768x576.jpeg 768w, https:\/\/cicb.com.br\/design2025\/wp-content\/uploads\/2022\/09\/linkedin-1536x1152.jpeg 1536w, https:\/\/cicb.com.br\/design2025\/wp-content\/uploads\/2022\/09\/linkedin-2048x1536.jpeg 2048w\" sizes=\"(max-width: 1024px) 100vw, 1024px\" \/><\/figure>\n\n\n\n<p>Al\u00e9m da \u00e1rea de credenciamento, foram montados 10 stands de empresas como Sabin, Unimed, FGV, Mackenzie e tamb\u00e9m o audit\u00f3rio para as palestras e bate papos entre os palestrantes e participantes do evento.<\/p>\n\n\n\n<p>Os servi\u00e7os de alimenta\u00e7\u00e3o de coffee break e almo\u00e7o foram servidos pelos nossos parceiros da\u00a0@riobanqueteria.<\/p>\n\n\n\n<figure class=\"wp-block-image size-large\"><img decoding=\"async\" width=\"1024\" height=\"768\" src=\"https:\/\/cicb.com.br\/design2025\/wp-content\/uploads\/2022\/09\/linkedin-4-1024x768.jpeg\" alt=\"\" class=\"wp-image-2167\" srcset=\"https:\/\/cicb.com.br\/design2025\/wp-content\/uploads\/2022\/09\/linkedin-4-1024x768.jpeg 1024w, https:\/\/cicb.com.br\/design2025\/wp-content\/uploads\/2022\/09\/linkedin-4-300x225.jpeg 300w, https:\/\/cicb.com.br\/design2025\/wp-content\/uploads\/2022\/09\/linkedin-4-768x576.jpeg 768w, https:\/\/cicb.com.br\/design2025\/wp-content\/uploads\/2022\/09\/linkedin-4-1536x1152.jpeg 1536w, https:\/\/cicb.com.br\/design2025\/wp-content\/uploads\/2022\/09\/linkedin-4-2048x1536.jpeg 2048w\" sizes=\"(max-width: 1024px) 100vw, 1024px\" \/><\/figure>\n\n\n\n<p><br>Fa\u00e7a o seu evento no centro de conven\u00e7\u00f5es que tem o espa\u00e7o que voc\u00ea precisa! Contate o nosso comercial atrav\u00e9s do e-mail\u00a0<a href=\"mailto:comercial@cicb.com.br\">comercial@cicb.com.br<\/a>\u00a0ou WhatsApp (61) 2196-9030.<\/p>\n\n\n\n<p><\/p>\n","protected":false},"excerpt":{"rendered":"<p>O piso 1 do CICB foi palco da 32\u00aa edi\u00e7\u00e3o do REENCONTRA RH com a tem\u00e1tica &#8220;Pessoas e Sentidos&#8221;, organizado pela Associa\u00e7\u00e3o Brasileira de Recursos Humanos do DF &#8211;\u00a0ABRH-DF\u00a0e reuniu cerca de 400 profissionais de recursos humanos de empresas diversas durante o evento. Al\u00e9m da \u00e1rea de credenciamento, foram montados 10 stands de empresas como [&hellip;]<\/p>\n","protected":false},"author":2,"featured_media":2165,"comment_status":"open","ping_status":"open","sticky":false,"template":"","format":"standard","meta":{"inline_featured_image":false,"footnotes":""},"categories":[12,6],"tags":[21,22,20],"class_list":["post-2164","post","type-post","status-publish","format-standard","has-post-thumbnail","hentry","category-eventos-corporativos","category-eventos-recentes","tag-cicb-eventos","tag-eventos-corporativos","tag-eventos-em-brasilia"],"_links":{"self":[{"href":"https:\/\/cicb.com.br\/design2025\/wp-json\/wp\/v2\/posts\/2164","targetHints":{"allow":["GET"]}}],"collection":[{"href":"https:\/\/cicb.com.br\/design2025\/wp-json\/wp\/v2\/posts"}],"about":[{"href":"https:\/\/cicb.com.br\/design2025\/wp-json\/wp\/v2\/types\/post"}],"author":[{"embeddable":true,"href":"https:\/\/cicb.com.br\/design2025\/wp-json\/wp\/v2\/users\/2"}],"replies":[{"embeddable":true,"href":"https:\/\/cicb.com.br\/design2025\/wp-json\/wp\/v2\/comments?post=2164"}],"version-history":[{"count":0,"href":"https:\/\/cicb.com.br\/design2025\/wp-json\/wp\/v2\/posts\/2164\/revisions"}],"wp:featuredmedia":[{"embeddable":true,"href":"https:\/\/cicb.com.br\/design2025\/wp-json\/wp\/v2\/media\/2165"}],"wp:attachment":[{"href":"https:\/\/cicb.com.br\/design2025\/wp-json\/wp\/v2\/media?parent=2164"}],"wp:term":[{"taxonomy":"category","embeddable":true,"href":"https:\/\/cicb.com.br\/design2025\/wp-json\/wp\/v2\/categories?post=2164"},{"taxonomy":"post_tag","embeddable":true,"href":"https:\/\/cicb.com.br\/design2025\/wp-json\/wp\/v2\/tags?post=2164"}],"curies":[{"name":"wp","href":"https:\/\/api.w.org\/{rel}","templated":true}]}}