{"id":2279,"date":"2022-09-19T10:23:09","date_gmt":"2022-09-19T13:23:09","guid":{"rendered":"https:\/\/cicb.com.br\/design2025\/?p=2279"},"modified":"2022-09-19T10:23:12","modified_gmt":"2022-09-19T13:23:12","slug":"aesbe-saneamento-na-pauta-dos-presidenciaveis","status":"publish","type":"post","link":"https:\/\/cicb.com.br\/design2025\/2022\/09\/19\/aesbe-saneamento-na-pauta-dos-presidenciaveis\/","title":{"rendered":"AESBE &#8211; Saneamento na Pauta dos Presidenci\u00e1veis"},"content":{"rendered":"\n<p>O Semin\u00e1rio Nacional da Aesbe \u2013 Saneamento na Pauta dos Presidenci\u00e1veis, aconteceu entre os dias 1 e 2 de setembro aqui no CICB e contou com a presen\u00e7a de profissionais da Cooperativa CENTCOOP-DF, respons\u00e1veis pela triagem de todos os res\u00edduos gerados durante o evento, incluindo a montagem e desmontagem das estruturas. Ao final, a cooperativa levou para a reciclagem 64 kg de materiais, sendo 12 kg de pl\u00e1stico duro, 39 Kg de papel\u00e3o e 13 Kg de papel misto.<\/p>\n\n\n\n<p>Todos os materiais, que seriam levados ao aterro sanit\u00e1rio, tiveram a destina\u00e7\u00e3o correta, refor\u00e7ando o selo de Res\u00edduo Zero do evento e a responsabilidade socioambiental. Com a iniciativa, ressalta-se o compromisso com o desenvolvimento da agenda ESG (Meio ambiente, social e governan\u00e7a). O impacto positivo causado por meio das a\u00e7\u00f5es de inova\u00e7\u00e3o que envolvem a pol\u00edtica ambiental e o est\u00edmulo \u00e0 economia circular gerou a redu\u00e7\u00e3o dos custos de todo o processo de destina\u00e7\u00e3o, otimiza\u00e7\u00e3o da cadeia produtiva, redu\u00e7\u00e3o das emiss\u00f5es de gases de efeito estufa, rastreamento das atividades de gerenciamento de res\u00edduos, redu\u00e7\u00e3o do desperd\u00edcio, maximiza\u00e7\u00e3o da efici\u00eancia na organiza\u00e7\u00e3o sustent\u00e1vel, al\u00e9m do est\u00edmulo \u00e0 conscientiza\u00e7\u00e3o de consumo e descarte.<\/p>\n\n\n\n<p>As a\u00e7\u00f5es produzidas atendem 13 comunidades e mais de 305 fam\u00edlias e j\u00e1 evitaram a emiss\u00e3o de 3 milh\u00f5es de toneladas de CO2 e pouparam o desmatamento de 65 mil hectares.<\/p>\n","protected":false},"excerpt":{"rendered":"<p>O Semin\u00e1rio Nacional da Aesbe \u2013 Saneamento na Pauta dos Presidenci\u00e1veis, aconteceu entre os dias 1 e 2 de setembro aqui no CICB e contou com a presen\u00e7a de profissionais da Cooperativa CENTCOOP-DF, respons\u00e1veis pela triagem de todos os res\u00edduos gerados durante o evento, incluindo a montagem e desmontagem das estruturas. Ao final, a cooperativa [&hellip;]<\/p>\n","protected":false},"author":2,"featured_media":2280,"comment_status":"open","ping_status":"open","sticky":false,"template":"","format":"standard","meta":{"inline_featured_image":false,"footnotes":""},"categories":[12],"tags":[],"class_list":["post-2279","post","type-post","status-publish","format-standard","has-post-thumbnail","hentry","category-eventos-corporativos"],"_links":{"self":[{"href":"https:\/\/cicb.com.br\/design2025\/wp-json\/wp\/v2\/posts\/2279","targetHints":{"allow":["GET"]}}],"collection":[{"href":"https:\/\/cicb.com.br\/design2025\/wp-json\/wp\/v2\/posts"}],"about":[{"href":"https:\/\/cicb.com.br\/design2025\/wp-json\/wp\/v2\/types\/post"}],"author":[{"embeddable":true,"href":"https:\/\/cicb.com.br\/design2025\/wp-json\/wp\/v2\/users\/2"}],"replies":[{"embeddable":true,"href":"https:\/\/cicb.com.br\/design2025\/wp-json\/wp\/v2\/comments?post=2279"}],"version-history":[{"count":0,"href":"https:\/\/cicb.com.br\/design2025\/wp-json\/wp\/v2\/posts\/2279\/revisions"}],"wp:featuredmedia":[{"embeddable":true,"href":"https:\/\/cicb.com.br\/design2025\/wp-json\/wp\/v2\/media\/2280"}],"wp:attachment":[{"href":"https:\/\/cicb.com.br\/design2025\/wp-json\/wp\/v2\/media?parent=2279"}],"wp:term":[{"taxonomy":"category","embeddable":true,"href":"https:\/\/cicb.com.br\/design2025\/wp-json\/wp\/v2\/categories?post=2279"},{"taxonomy":"post_tag","embeddable":true,"href":"https:\/\/cicb.com.br\/design2025\/wp-json\/wp\/v2\/tags?post=2279"}],"curies":[{"name":"wp","href":"https:\/\/api.w.org\/{rel}","templated":true}]}}