{"id":2505,"date":"2022-10-20T22:20:00","date_gmt":"2022-10-21T01:20:00","guid":{"rendered":"https:\/\/cicb.com.br\/design2025\/?p=2505"},"modified":"2022-10-20T22:49:40","modified_gmt":"2022-10-21T01:49:40","slug":"imersao-presbiopia","status":"publish","type":"post","link":"https:\/\/cicb.com.br\/design2025\/2022\/10\/20\/imersao-presbiopia\/","title":{"rendered":"IMERS\u00c3O PRESBIOPIA"},"content":{"rendered":"\n<figure class=\"wp-block-image size-large\"><img fetchpriority=\"high\" decoding=\"async\" width=\"1024\" height=\"768\" src=\"https:\/\/cicb.com.br\/design2025\/wp-content\/uploads\/2022\/10\/imagem-1024x768.jpeg\" alt=\"\" class=\"wp-image-2512\" srcset=\"https:\/\/cicb.com.br\/design2025\/wp-content\/uploads\/2022\/10\/imagem-1024x768.jpeg 1024w, https:\/\/cicb.com.br\/design2025\/wp-content\/uploads\/2022\/10\/imagem-300x225.jpeg 300w, https:\/\/cicb.com.br\/design2025\/wp-content\/uploads\/2022\/10\/imagem-768x576.jpeg 768w, https:\/\/cicb.com.br\/design2025\/wp-content\/uploads\/2022\/10\/imagem-1536x1152.jpeg 1536w, https:\/\/cicb.com.br\/design2025\/wp-content\/uploads\/2022\/10\/imagem-2048x1536.jpeg 2048w\" sizes=\"(max-width: 1024px) 100vw, 1024px\" \/><\/figure>\n\n\n\n<p>Pela nossa excelente estrutura, atendimento e servi\u00e7os \u00e9 comum recebermos grandes eventos. E n\u00e3o seria diferente com a Associa\u00e7\u00e3o Brasileira de Catarata e Cirurgia Refrativa (@brascrs), que entre os dias 20 e 22 de outubro reunir\u00e1 os maiores especialistas em facorrefrativa durante o \u201cImers\u00e3o Presbiopia\u201d.<\/p>\n\n\n\n<figure class=\"wp-block-image size-large\"><img decoding=\"async\" width=\"1024\" height=\"768\" src=\"https:\/\/cicb.com.br\/design2025\/wp-content\/uploads\/2022\/10\/imagem-3-1024x768.jpeg\" alt=\"\" class=\"wp-image-2507\" srcset=\"https:\/\/cicb.com.br\/design2025\/wp-content\/uploads\/2022\/10\/imagem-3-1024x768.jpeg 1024w, https:\/\/cicb.com.br\/design2025\/wp-content\/uploads\/2022\/10\/imagem-3-300x225.jpeg 300w, https:\/\/cicb.com.br\/design2025\/wp-content\/uploads\/2022\/10\/imagem-3-768x576.jpeg 768w, https:\/\/cicb.com.br\/design2025\/wp-content\/uploads\/2022\/10\/imagem-3-1536x1152.jpeg 1536w, https:\/\/cicb.com.br\/design2025\/wp-content\/uploads\/2022\/10\/imagem-3-2048x1536.jpeg 2048w\" sizes=\"(max-width: 1024px) 100vw, 1024px\" \/><\/figure>\n\n\n\n<p>Durante o evento os profissionais ter\u00e3o semin\u00e1rios sobre as inova\u00e7\u00f5es que mudar\u00e3o a vida dos pacientes que necessitam desse tipo de atendimento. Tamb\u00e9m durante a imers\u00e3o ser\u00e3o realizadas, em m\u00e9dia, 19 cirurgias em tempo real. Nossas salas foram preparadas e equipadas com o que h\u00e1 de mais moderno para atender as necessidades dos nossos clientes.<\/p>\n\n\n\n<figure class=\"wp-block-image size-large\"><img decoding=\"async\" width=\"1024\" height=\"768\" src=\"https:\/\/cicb.com.br\/design2025\/wp-content\/uploads\/2022\/10\/imagem-1-1024x768.jpeg\" alt=\"\" class=\"wp-image-2508\" srcset=\"https:\/\/cicb.com.br\/design2025\/wp-content\/uploads\/2022\/10\/imagem-1-1024x768.jpeg 1024w, https:\/\/cicb.com.br\/design2025\/wp-content\/uploads\/2022\/10\/imagem-1-300x225.jpeg 300w, https:\/\/cicb.com.br\/design2025\/wp-content\/uploads\/2022\/10\/imagem-1-768x576.jpeg 768w, https:\/\/cicb.com.br\/design2025\/wp-content\/uploads\/2022\/10\/imagem-1-1536x1152.jpeg 1536w, https:\/\/cicb.com.br\/design2025\/wp-content\/uploads\/2022\/10\/imagem-1-2048x1536.jpeg 2048w\" sizes=\"(max-width: 1024px) 100vw, 1024px\" \/><\/figure>\n\n\n\n<p>Um centro de conven\u00e7\u00f5es, in\u00fameras possibilidades. Assim \u00e9 o CICB!<\/p>\n\n\n\n<p>Agende uma visita e traga o seu evento para o maior e melhor Centro de Conven\u00e7\u00f5es do Brasil.<\/p>\n\n\n\n<p>\u200c<\/p>\n","protected":false},"excerpt":{"rendered":"<p>Pela nossa excelente estrutura, atendimento e servi\u00e7os \u00e9 comum recebermos grandes eventos. E n\u00e3o seria diferente com a Associa\u00e7\u00e3o Brasileira de Catarata e Cirurgia Refrativa (@brascrs), que entre os dias 20 e 22 de outubro reunir\u00e1 os maiores especialistas em facorrefrativa durante o \u201cImers\u00e3o Presbiopia\u201d. Durante o evento os profissionais ter\u00e3o semin\u00e1rios sobre as inova\u00e7\u00f5es [&hellip;]<\/p>\n","protected":false},"author":2,"featured_media":2506,"comment_status":"open","ping_status":"open","sticky":false,"template":"","format":"standard","meta":{"inline_featured_image":false,"footnotes":""},"categories":[12,42],"tags":[21,22,20],"class_list":["post-2505","post","type-post","status-publish","format-standard","has-post-thumbnail","hentry","category-eventos-corporativos","category-eventos-medicos","tag-cicb-eventos","tag-eventos-corporativos","tag-eventos-em-brasilia"],"_links":{"self":[{"href":"https:\/\/cicb.com.br\/design2025\/wp-json\/wp\/v2\/posts\/2505","targetHints":{"allow":["GET"]}}],"collection":[{"href":"https:\/\/cicb.com.br\/design2025\/wp-json\/wp\/v2\/posts"}],"about":[{"href":"https:\/\/cicb.com.br\/design2025\/wp-json\/wp\/v2\/types\/post"}],"author":[{"embeddable":true,"href":"https:\/\/cicb.com.br\/design2025\/wp-json\/wp\/v2\/users\/2"}],"replies":[{"embeddable":true,"href":"https:\/\/cicb.com.br\/design2025\/wp-json\/wp\/v2\/comments?post=2505"}],"version-history":[{"count":0,"href":"https:\/\/cicb.com.br\/design2025\/wp-json\/wp\/v2\/posts\/2505\/revisions"}],"wp:featuredmedia":[{"embeddable":true,"href":"https:\/\/cicb.com.br\/design2025\/wp-json\/wp\/v2\/media\/2506"}],"wp:attachment":[{"href":"https:\/\/cicb.com.br\/design2025\/wp-json\/wp\/v2\/media?parent=2505"}],"wp:term":[{"taxonomy":"category","embeddable":true,"href":"https:\/\/cicb.com.br\/design2025\/wp-json\/wp\/v2\/categories?post=2505"},{"taxonomy":"post_tag","embeddable":true,"href":"https:\/\/cicb.com.br\/design2025\/wp-json\/wp\/v2\/tags?post=2505"}],"curies":[{"name":"wp","href":"https:\/\/api.w.org\/{rel}","templated":true}]}}