{"id":2610,"date":"2022-11-04T17:48:01","date_gmt":"2022-11-04T20:48:01","guid":{"rendered":"https:\/\/cicb.com.br\/design2025\/?p=2610"},"modified":"2022-11-04T17:48:02","modified_gmt":"2022-11-04T20:48:02","slug":"e-sus-linha-da-vida","status":"publish","type":"post","link":"https:\/\/cicb.com.br\/design2025\/2022\/11\/04\/e-sus-linha-da-vida\/","title":{"rendered":"E-SUS LINHA DA VIDA"},"content":{"rendered":"\n<p>A pandemia trouxe muitas mudan\u00e7as na vida de todos e o Sistema \u00danico de Sa\u00fade &#8211; SUS, respons\u00e1vel pelo combate \u00e0 pandemia no Brasil, tem se reinventado para prestar cada vez mais servi\u00e7os de qualidade que abrangem toda a popula\u00e7\u00e3o do pa\u00eds em cada nicho espec\u00edfico.<\/p>\n\n\n\n<figure class=\"wp-block-image size-large\"><img fetchpriority=\"high\" decoding=\"async\" width=\"768\" height=\"1024\" src=\"https:\/\/cicb.com.br\/design2025\/wp-content\/uploads\/2022\/11\/6-768x1024.jpg\" alt=\"\" class=\"wp-image-2612\" srcset=\"https:\/\/cicb.com.br\/design2025\/wp-content\/uploads\/2022\/11\/6-768x1024.jpg 768w, https:\/\/cicb.com.br\/design2025\/wp-content\/uploads\/2022\/11\/6-225x300.jpg 225w, https:\/\/cicb.com.br\/design2025\/wp-content\/uploads\/2022\/11\/6-1152x1536.jpg 1152w, https:\/\/cicb.com.br\/design2025\/wp-content\/uploads\/2022\/11\/6.jpg 1200w\" sizes=\"(max-width: 768px) 100vw, 768px\" \/><\/figure>\n\n\n\n<p>O Minist\u00e9rio da Sa\u00fade (@minsaude) reuniu profissionais para o Semin\u00e1rio Sistemas de Informa\u00e7\u00e3o no Cen\u00e1rio P\u00f3s-Pandemia: Inova\u00e7\u00f5es e Perspectivas, com aproximadamente 500 participantes. Durante o evento aconteceu o lan\u00e7amento da plataforma \u201cE-SUS Linha da Vida\u201d e a ideia \u00e9 que cada pessoa tenha apenas um identificador, seja pelo CPF ou Cart\u00e3o Nacional de Sa\u00fade para acesso e emiss\u00e3o de certid\u00f5es de nascido vivo e \u00f3bito dentro da plataforma eletr\u00f4nica.<\/p>\n\n\n\n<figure class=\"wp-block-image size-large\"><img decoding=\"async\" width=\"1024\" height=\"768\" src=\"https:\/\/cicb.com.br\/design2025\/wp-content\/uploads\/2022\/11\/3-1024x768.jpeg\" alt=\"\" class=\"wp-image-2613\" srcset=\"https:\/\/cicb.com.br\/design2025\/wp-content\/uploads\/2022\/11\/3-1024x768.jpeg 1024w, https:\/\/cicb.com.br\/design2025\/wp-content\/uploads\/2022\/11\/3-300x225.jpeg 300w, https:\/\/cicb.com.br\/design2025\/wp-content\/uploads\/2022\/11\/3-768x576.jpeg 768w, https:\/\/cicb.com.br\/design2025\/wp-content\/uploads\/2022\/11\/3-1536x1152.jpeg 1536w, https:\/\/cicb.com.br\/design2025\/wp-content\/uploads\/2022\/11\/3-2048x1536.jpeg 2048w\" sizes=\"(max-width: 1024px) 100vw, 1024px\" \/><\/figure>\n\n\n\n<p>No lobby do piso 1 balc\u00f5es de credenciamento foram montados, al\u00e9m de totens informativos contendo a pauta do evento. Tr\u00eas salas modul\u00e1veis foram transformadas em um audit\u00f3rio onde palestrantes nacionais e internacionais discutiram novas tecnologias para aperfei\u00e7oamento do servi\u00e7o de sa\u00fade no cen\u00e1rio p\u00f3s pandemia no Brasil.<\/p>\n\n\n\n<p><\/p>\n","protected":false},"excerpt":{"rendered":"<p>A pandemia trouxe muitas mudan\u00e7as na vida de todos e o Sistema \u00danico de Sa\u00fade &#8211; SUS, respons\u00e1vel pelo combate \u00e0 pandemia no Brasil, tem se reinventado para prestar cada vez mais servi\u00e7os de qualidade que abrangem toda a popula\u00e7\u00e3o do pa\u00eds em cada nicho espec\u00edfico. O Minist\u00e9rio da Sa\u00fade (@minsaude) reuniu profissionais para o [&hellip;]<\/p>\n","protected":false},"author":2,"featured_media":2611,"comment_status":"open","ping_status":"open","sticky":false,"template":"","format":"standard","meta":{"inline_featured_image":false,"footnotes":""},"categories":[12,42],"tags":[],"class_list":["post-2610","post","type-post","status-publish","format-standard","has-post-thumbnail","hentry","category-eventos-corporativos","category-eventos-medicos"],"_links":{"self":[{"href":"https:\/\/cicb.com.br\/design2025\/wp-json\/wp\/v2\/posts\/2610","targetHints":{"allow":["GET"]}}],"collection":[{"href":"https:\/\/cicb.com.br\/design2025\/wp-json\/wp\/v2\/posts"}],"about":[{"href":"https:\/\/cicb.com.br\/design2025\/wp-json\/wp\/v2\/types\/post"}],"author":[{"embeddable":true,"href":"https:\/\/cicb.com.br\/design2025\/wp-json\/wp\/v2\/users\/2"}],"replies":[{"embeddable":true,"href":"https:\/\/cicb.com.br\/design2025\/wp-json\/wp\/v2\/comments?post=2610"}],"version-history":[{"count":0,"href":"https:\/\/cicb.com.br\/design2025\/wp-json\/wp\/v2\/posts\/2610\/revisions"}],"wp:featuredmedia":[{"embeddable":true,"href":"https:\/\/cicb.com.br\/design2025\/wp-json\/wp\/v2\/media\/2611"}],"wp:attachment":[{"href":"https:\/\/cicb.com.br\/design2025\/wp-json\/wp\/v2\/media?parent=2610"}],"wp:term":[{"taxonomy":"category","embeddable":true,"href":"https:\/\/cicb.com.br\/design2025\/wp-json\/wp\/v2\/categories?post=2610"},{"taxonomy":"post_tag","embeddable":true,"href":"https:\/\/cicb.com.br\/design2025\/wp-json\/wp\/v2\/tags?post=2610"}],"curies":[{"name":"wp","href":"https:\/\/api.w.org\/{rel}","templated":true}]}}