{"id":2628,"date":"2022-11-21T15:47:54","date_gmt":"2022-11-21T18:47:54","guid":{"rendered":"https:\/\/cicb.com.br\/design2025\/?p=2628"},"modified":"2022-11-21T15:53:26","modified_gmt":"2022-11-21T18:53:26","slug":"6a-conferencia-nacional-da-saude-indigena","status":"publish","type":"post","link":"https:\/\/cicb.com.br\/design2025\/2022\/11\/21\/6a-conferencia-nacional-da-saude-indigena\/","title":{"rendered":"6\u00aa CONFER\u00caNCIA NACIONAL DA SA\u00daDE IND\u00cdGENA"},"content":{"rendered":"\n<p>A nossa marca registrada \u00e9 tornar cada evento \u00fanico dentro dos m\u00faltiplos espa\u00e7os que temos.<\/p>\n\n\n\n<p>Durante a 6\u00ba Confer\u00eancia Nacional da Sa\u00fade Ind\u00edgena, organizada pela Secretaria de Sa\u00fade Ind\u00edgena, as 32 salas modulares do Piso 1 se transformaram em 11 audit\u00f3rios divididos em tem\u00e1ticas que visam discutir as pol\u00edticas p\u00fablicas que fomentam a luta por direitos e melhorias da sa\u00fade dos povos ind\u00edgenas no Brasil, e contou com a presen\u00e7a de mais de 2 mil participantes!<\/p>\n\n\n\n<figure class=\"wp-block-image size-large\"><img fetchpriority=\"high\" decoding=\"async\" width=\"1024\" height=\"768\" src=\"https:\/\/cicb.com.br\/design2025\/wp-content\/uploads\/2022\/11\/imagem-3-1-1024x768.jpeg\" alt=\"\" class=\"wp-image-2635\" srcset=\"https:\/\/cicb.com.br\/design2025\/wp-content\/uploads\/2022\/11\/imagem-3-1-1024x768.jpeg 1024w, https:\/\/cicb.com.br\/design2025\/wp-content\/uploads\/2022\/11\/imagem-3-1-300x225.jpeg 300w, https:\/\/cicb.com.br\/design2025\/wp-content\/uploads\/2022\/11\/imagem-3-1-768x576.jpeg 768w, https:\/\/cicb.com.br\/design2025\/wp-content\/uploads\/2022\/11\/imagem-3-1-1536x1152.jpeg 1536w, https:\/\/cicb.com.br\/design2025\/wp-content\/uploads\/2022\/11\/imagem-3-1-2048x1536.jpeg 2048w\" sizes=\"(max-width: 1024px) 100vw, 1024px\" \/><\/figure>\n\n\n\n<p>Al\u00e9m das salas modulares, no lobby do Piso 1 foi montado um imenso painel intitulado \u201cFloresta da Mem\u00f3ria\u201d onde artistas desenharam e eternizaram importantes nomes da cultura ind\u00edgena.<\/p>\n\n\n\n<figure class=\"wp-block-image size-large\"><img decoding=\"async\" width=\"1024\" height=\"768\" src=\"https:\/\/cicb.com.br\/design2025\/wp-content\/uploads\/2022\/11\/imagem-1-1-1024x768.jpeg\" alt=\"\" class=\"wp-image-2636\" srcset=\"https:\/\/cicb.com.br\/design2025\/wp-content\/uploads\/2022\/11\/imagem-1-1-1024x768.jpeg 1024w, https:\/\/cicb.com.br\/design2025\/wp-content\/uploads\/2022\/11\/imagem-1-1-300x225.jpeg 300w, https:\/\/cicb.com.br\/design2025\/wp-content\/uploads\/2022\/11\/imagem-1-1-768x576.jpeg 768w, https:\/\/cicb.com.br\/design2025\/wp-content\/uploads\/2022\/11\/imagem-1-1-1536x1152.jpeg 1536w, https:\/\/cicb.com.br\/design2025\/wp-content\/uploads\/2022\/11\/imagem-1-1-2048x1536.jpeg 2048w\" sizes=\"(max-width: 1024px) 100vw, 1024px\" \/><\/figure>\n\n\n\n<p>Logo na entrada do piso 3 foi montada a feira com artigos ind\u00edgenas diversos para venda e exposi\u00e7\u00e3o, al\u00e9m do balc\u00e3o de credenciamento e auto credenciamento, foram montados stands do Minist\u00e9rio da Sa\u00fade, OPAS\/OMS, CNS e CONASEMS.<\/p>\n\n\n\n<p>A plen\u00e1ria principal foi montada com a capacidade para os mais de 2 mil participantes acompanharem os f\u00f3runs de discuss\u00f5es e importantes vota\u00e7\u00f5es que atualizaram a Pol\u00edtica Nacional de Aten\u00e7\u00e3o \u00e0 Sa\u00fade dos Povos Ind\u00edgenas (Pnaspi).<\/p>\n\n\n\n<figure class=\"wp-block-image size-large\"><img decoding=\"async\" width=\"1024\" height=\"768\" src=\"https:\/\/cicb.com.br\/design2025\/wp-content\/uploads\/2022\/11\/imagem-4-1-1024x768.jpeg\" alt=\"\" class=\"wp-image-2637\" srcset=\"https:\/\/cicb.com.br\/design2025\/wp-content\/uploads\/2022\/11\/imagem-4-1-1024x768.jpeg 1024w, https:\/\/cicb.com.br\/design2025\/wp-content\/uploads\/2022\/11\/imagem-4-1-300x225.jpeg 300w, https:\/\/cicb.com.br\/design2025\/wp-content\/uploads\/2022\/11\/imagem-4-1-768x576.jpeg 768w, https:\/\/cicb.com.br\/design2025\/wp-content\/uploads\/2022\/11\/imagem-4-1-1536x1152.jpeg 1536w, https:\/\/cicb.com.br\/design2025\/wp-content\/uploads\/2022\/11\/imagem-4-1-2048x1536.jpeg 2048w\" sizes=\"(max-width: 1024px) 100vw, 1024px\" \/><\/figure>\n\n\n\n<p>Cada evento que acontece aqui \u00e9 \u00fanico, venha viver a experi\u00eancia CICB! O Centro de Conven\u00e7\u00f5es com a maior estrutura do pa\u00eds est\u00e1 em Bras\u00edlia e n\u00f3s podemos provar!<\/p>\n\n\n\n<p>Agende uma visita com nosso comercial atrav\u00e9s do e-mail&nbsp;comercial@cicb.com.br&nbsp;ou WhatsApp (61) 2196-9030<\/p>\n\n\n\n<p><strong>#sa\u00fade<\/strong> <strong>#cnsi<\/strong> <strong>#cicbeventos<\/strong> <strong>#saudeindigena<\/strong><\/p>\n","protected":false},"excerpt":{"rendered":"<p>A nossa marca registrada \u00e9 tornar cada evento \u00fanico dentro dos m\u00faltiplos espa\u00e7os que temos. Durante a 6\u00ba Confer\u00eancia Nacional da Sa\u00fade Ind\u00edgena, organizada pela Secretaria de Sa\u00fade Ind\u00edgena, as 32 salas modulares do Piso 1 se transformaram em 11 audit\u00f3rios divididos em tem\u00e1ticas que visam discutir as pol\u00edticas p\u00fablicas que fomentam a luta por [&hellip;]<\/p>\n","protected":false},"author":2,"featured_media":2629,"comment_status":"open","ping_status":"open","sticky":false,"template":"","format":"standard","meta":{"inline_featured_image":false,"footnotes":""},"categories":[12,13],"tags":[21,20],"class_list":["post-2628","post","type-post","status-publish","format-standard","has-post-thumbnail","hentry","category-eventos-corporativos","category-eventos-sociais","tag-cicb-eventos","tag-eventos-em-brasilia"],"_links":{"self":[{"href":"https:\/\/cicb.com.br\/design2025\/wp-json\/wp\/v2\/posts\/2628","targetHints":{"allow":["GET"]}}],"collection":[{"href":"https:\/\/cicb.com.br\/design2025\/wp-json\/wp\/v2\/posts"}],"about":[{"href":"https:\/\/cicb.com.br\/design2025\/wp-json\/wp\/v2\/types\/post"}],"author":[{"embeddable":true,"href":"https:\/\/cicb.com.br\/design2025\/wp-json\/wp\/v2\/users\/2"}],"replies":[{"embeddable":true,"href":"https:\/\/cicb.com.br\/design2025\/wp-json\/wp\/v2\/comments?post=2628"}],"version-history":[{"count":0,"href":"https:\/\/cicb.com.br\/design2025\/wp-json\/wp\/v2\/posts\/2628\/revisions"}],"wp:featuredmedia":[{"embeddable":true,"href":"https:\/\/cicb.com.br\/design2025\/wp-json\/wp\/v2\/media\/2629"}],"wp:attachment":[{"href":"https:\/\/cicb.com.br\/design2025\/wp-json\/wp\/v2\/media?parent=2628"}],"wp:term":[{"taxonomy":"category","embeddable":true,"href":"https:\/\/cicb.com.br\/design2025\/wp-json\/wp\/v2\/categories?post=2628"},{"taxonomy":"post_tag","embeddable":true,"href":"https:\/\/cicb.com.br\/design2025\/wp-json\/wp\/v2\/tags?post=2628"}],"curies":[{"name":"wp","href":"https:\/\/api.w.org\/{rel}","templated":true}]}}