{"id":2641,"date":"2022-11-24T15:40:55","date_gmt":"2022-11-24T18:40:55","guid":{"rendered":"https:\/\/cicb.com.br\/design2025\/?p=2641"},"modified":"2022-11-28T16:45:04","modified_gmt":"2022-11-28T19:45:04","slug":"top-of-mind-2022","status":"publish","type":"post","link":"https:\/\/cicb.com.br\/design2025\/2022\/11\/24\/top-of-mind-2022\/","title":{"rendered":"TOP OF MIND 2022"},"content":{"rendered":"\n<p>Recebemos o Top Of Mind, cerim\u00f4nia promovida pelo Jornal de Bras\u00edlia que premiou as empresas que destacaram pelo comprometimento e bom atendimento e foram lembradas pelos brasilienses durante o ano de 2022.<\/p>\n\n\n\n<figure class=\"wp-block-image size-large\"><img fetchpriority=\"high\" decoding=\"async\" width=\"1024\" height=\"683\" src=\"https:\/\/cicb.com.br\/design2025\/wp-content\/uploads\/2022\/11\/jbr2022-468-1024x683.jpg\" alt=\"\" class=\"wp-image-2648\" srcset=\"https:\/\/cicb.com.br\/design2025\/wp-content\/uploads\/2022\/11\/jbr2022-468-1024x683.jpg 1024w, https:\/\/cicb.com.br\/design2025\/wp-content\/uploads\/2022\/11\/jbr2022-468-300x200.jpg 300w, https:\/\/cicb.com.br\/design2025\/wp-content\/uploads\/2022\/11\/jbr2022-468-768x512.jpg 768w, https:\/\/cicb.com.br\/design2025\/wp-content\/uploads\/2022\/11\/jbr2022-468-1536x1024.jpg 1536w, https:\/\/cicb.com.br\/design2025\/wp-content\/uploads\/2022\/11\/jbr2022-468-2048x1365.jpg 2048w\" sizes=\"(max-width: 1024px) 100vw, 1024px\" \/><\/figure>\n\n\n\n<p>Na ocasi\u00e3o, o diretor do\u00a0@jornaldebrasilia, Renato Matsunaga, aproveitou para parabenizar o ve\u00edculo pelos seus 50 anos. \u201c\u00c9 um grande orgulho realizarmos essa edi\u00e7\u00e3o, especialmente no ano em que o JBr completa 50 anos de atividade. Com a pandemia, o mundo passou por uma s\u00e9rie de mudan\u00e7as de paradigmas e novos desafios. Por isso, \u00e9 fundamental reconhecer o trabalho dessas empresas que ocupam o primeiro lugar na cabe\u00e7a dos brasilienses e \u00e9 uma grande satisfa\u00e7\u00e3o podermos reunir tantos nomes importantes da nossa cidade em um evento de gala com tanta tradi\u00e7\u00e3o\u201d, finalizou.<\/p>\n\n\n\n<figure class=\"wp-block-image size-large\"><img decoding=\"async\" width=\"1024\" height=\"768\" src=\"https:\/\/cicb.com.br\/design2025\/wp-content\/uploads\/2022\/11\/imagem-7-1024x768.jpeg\" alt=\"\" class=\"wp-image-2646\" srcset=\"https:\/\/cicb.com.br\/design2025\/wp-content\/uploads\/2022\/11\/imagem-7-1024x768.jpeg 1024w, https:\/\/cicb.com.br\/design2025\/wp-content\/uploads\/2022\/11\/imagem-7-300x225.jpeg 300w, https:\/\/cicb.com.br\/design2025\/wp-content\/uploads\/2022\/11\/imagem-7-768x576.jpeg 768w, https:\/\/cicb.com.br\/design2025\/wp-content\/uploads\/2022\/11\/imagem-7-1536x1152.jpeg 1536w, https:\/\/cicb.com.br\/design2025\/wp-content\/uploads\/2022\/11\/imagem-7-2048x1536.jpeg 2048w\" sizes=\"(max-width: 1024px) 100vw, 1024px\" \/><\/figure>\n\n\n\n<p>E, para encerrar com chave de ouro, o cantor Nando Reis fez uma apresenta\u00e7\u00e3o exclusiva para os convidados e premiados.<\/p>\n\n\n\n<p>\u200c<\/p>\n\n\n\n<figure class=\"wp-block-image size-large\"><img decoding=\"async\" width=\"1024\" height=\"683\" src=\"https:\/\/cicb.com.br\/design2025\/wp-content\/uploads\/2022\/11\/jbr_2022-58-1024x683.jpg\" alt=\"\" class=\"wp-image-2647\" srcset=\"https:\/\/cicb.com.br\/design2025\/wp-content\/uploads\/2022\/11\/jbr_2022-58-1024x683.jpg 1024w, https:\/\/cicb.com.br\/design2025\/wp-content\/uploads\/2022\/11\/jbr_2022-58-300x200.jpg 300w, https:\/\/cicb.com.br\/design2025\/wp-content\/uploads\/2022\/11\/jbr_2022-58-768x512.jpg 768w, https:\/\/cicb.com.br\/design2025\/wp-content\/uploads\/2022\/11\/jbr_2022-58-1536x1024.jpg 1536w, https:\/\/cicb.com.br\/design2025\/wp-content\/uploads\/2022\/11\/jbr_2022-58-2048x1365.jpg 2048w\" sizes=\"(max-width: 1024px) 100vw, 1024px\" \/><\/figure>\n\n\n\n<p>#nandoreis #topofmind #topofmind2022 #cicbeventos<\/p>\n","protected":false},"excerpt":{"rendered":"<p>Recebemos o Top Of Mind, cerim\u00f4nia promovida pelo Jornal de Bras\u00edlia que premiou as empresas que destacaram pelo comprometimento e bom atendimento e foram lembradas pelos brasilienses durante o ano de 2022. Na ocasi\u00e3o, o diretor do\u00a0@jornaldebrasilia, Renato Matsunaga, aproveitou para parabenizar o ve\u00edculo pelos seus 50 anos. \u201c\u00c9 um grande orgulho realizarmos essa edi\u00e7\u00e3o, [&hellip;]<\/p>\n","protected":false},"author":2,"featured_media":2643,"comment_status":"open","ping_status":"open","sticky":false,"template":"","format":"standard","meta":{"inline_featured_image":false,"footnotes":""},"categories":[12],"tags":[],"class_list":["post-2641","post","type-post","status-publish","format-standard","has-post-thumbnail","hentry","category-eventos-corporativos"],"_links":{"self":[{"href":"https:\/\/cicb.com.br\/design2025\/wp-json\/wp\/v2\/posts\/2641","targetHints":{"allow":["GET"]}}],"collection":[{"href":"https:\/\/cicb.com.br\/design2025\/wp-json\/wp\/v2\/posts"}],"about":[{"href":"https:\/\/cicb.com.br\/design2025\/wp-json\/wp\/v2\/types\/post"}],"author":[{"embeddable":true,"href":"https:\/\/cicb.com.br\/design2025\/wp-json\/wp\/v2\/users\/2"}],"replies":[{"embeddable":true,"href":"https:\/\/cicb.com.br\/design2025\/wp-json\/wp\/v2\/comments?post=2641"}],"version-history":[{"count":0,"href":"https:\/\/cicb.com.br\/design2025\/wp-json\/wp\/v2\/posts\/2641\/revisions"}],"wp:featuredmedia":[{"embeddable":true,"href":"https:\/\/cicb.com.br\/design2025\/wp-json\/wp\/v2\/media\/2643"}],"wp:attachment":[{"href":"https:\/\/cicb.com.br\/design2025\/wp-json\/wp\/v2\/media?parent=2641"}],"wp:term":[{"taxonomy":"category","embeddable":true,"href":"https:\/\/cicb.com.br\/design2025\/wp-json\/wp\/v2\/categories?post=2641"},{"taxonomy":"post_tag","embeddable":true,"href":"https:\/\/cicb.com.br\/design2025\/wp-json\/wp\/v2\/tags?post=2641"}],"curies":[{"name":"wp","href":"https:\/\/api.w.org\/{rel}","templated":true}]}}