{"id":2658,"date":"2022-12-01T17:09:48","date_gmt":"2022-12-01T20:09:48","guid":{"rendered":"https:\/\/cicb.com.br\/design2025\/?p=2658"},"modified":"2025-06-02T11:25:32","modified_gmt":"2025-06-02T14:25:32","slug":"9o-encontro-de-revendedores-de-combustiveis-do-centro-oeste","status":"publish","type":"post","link":"https:\/\/cicb.com.br\/design2025\/2022\/12\/01\/9o-encontro-de-revendedores-de-combustiveis-do-centro-oeste\/","title":{"rendered":"9\u00ba ENCONTRO DE REVENDEDORES DE COMBUST\u00cdVEIS DO CENTRO-OESTE"},"content":{"rendered":"\n<p>Entre os dias 30 de novembro e 01 de dezembro a Federa\u00e7\u00e3o Nacional do Com\u00e9rcio de Combust\u00edveis e de Lubrificantes (@fecombustiveis) realizou o 9\u00ba Encontro de Revendedores de Combust\u00edveis do Centro-Oeste e completou a programa\u00e7\u00e3o de eventos da revenda, encerrando o ciclo programado para este ano.<\/p>\n\n\n\n<figure class=\"wp-block-gallery has-nested-images columns-default is-cropped wp-block-gallery-1 is-layout-flex wp-block-gallery-is-layout-flex\">\n<figure class=\"wp-block-image size-large\"><img fetchpriority=\"high\" decoding=\"async\" width=\"1024\" height=\"768\" data-id=\"2661\" src=\"https:\/\/cicb.com.br\/design2025\/wp-content\/uploads\/2022\/12\/imagem-8-1024x768.jpeg\" alt=\"\" class=\"wp-image-2661\" srcset=\"https:\/\/cicb.com.br\/design2025\/wp-content\/uploads\/2022\/12\/imagem-8-1024x768.jpeg 1024w, https:\/\/cicb.com.br\/design2025\/wp-content\/uploads\/2022\/12\/imagem-8-300x225.jpeg 300w, https:\/\/cicb.com.br\/design2025\/wp-content\/uploads\/2022\/12\/imagem-8-768x576.jpeg 768w, https:\/\/cicb.com.br\/design2025\/wp-content\/uploads\/2022\/12\/imagem-8-1536x1152.jpeg 1536w, https:\/\/cicb.com.br\/design2025\/wp-content\/uploads\/2022\/12\/imagem-8-2048x1536.jpeg 2048w\" sizes=\"(max-width: 1024px) 100vw, 1024px\" \/><\/figure>\n<\/figure>\n\n\n\n<p>Cerca de 120 participantes estiveram presentes no evento que aconteceu no piso 1, com salas modulares montadas no formato audit\u00f3rio, al\u00e9m do balc\u00e3o de credenciamento e 22 stands na \u00e1rea de exposi\u00e7\u00e3o do lobby.<\/p>\n\n\n\n<figure class=\"wp-block-gallery has-nested-images columns-default is-cropped wp-block-gallery-2 is-layout-flex wp-block-gallery-is-layout-flex\">\n<figure class=\"wp-block-image size-large\"><img decoding=\"async\" width=\"1024\" height=\"768\" data-id=\"2660\" src=\"https:\/\/cicb.com.br\/design2025\/wp-content\/uploads\/2022\/12\/imagem-6-1024x768.jpeg\" alt=\"\" class=\"wp-image-2660\" srcset=\"https:\/\/cicb.com.br\/design2025\/wp-content\/uploads\/2022\/12\/imagem-6-1024x768.jpeg 1024w, https:\/\/cicb.com.br\/design2025\/wp-content\/uploads\/2022\/12\/imagem-6-300x225.jpeg 300w, https:\/\/cicb.com.br\/design2025\/wp-content\/uploads\/2022\/12\/imagem-6-768x576.jpeg 768w, https:\/\/cicb.com.br\/design2025\/wp-content\/uploads\/2022\/12\/imagem-6-1536x1152.jpeg 1536w, https:\/\/cicb.com.br\/design2025\/wp-content\/uploads\/2022\/12\/imagem-6-2048x1536.jpeg 2048w\" sizes=\"(max-width: 1024px) 100vw, 1024px\" \/><\/figure>\n<\/figure>\n\n\n\n<p>N\u00e3o importa o tamanho, os nossos pisos t\u00eam o espa\u00e7o e formato ideal para o seu evento! Contate nosso comercial atrav\u00e9s do e-mail&nbsp;<a href=\"mailto:comercial@cicb.com.br\" target=\"_blank\" rel=\"noreferrer noopener\"><\/a><a href=\"mailto:comercial@cicb.com.br\">comercial@cicb.com.br<\/a>&nbsp;ou WhatsApp (61) 2196-9030 e agende uma visita!<\/p>\n\n\n\n<p>\u200c<\/p>\n","protected":false},"excerpt":{"rendered":"<p>Entre os dias 30 de novembro e 01 de dezembro a Federa\u00e7\u00e3o Nacional do Com\u00e9rcio de Combust\u00edveis e de Lubrificantes (@fecombustiveis) realizou o 9\u00ba Encontro de Revendedores de Combust\u00edveis do Centro-Oeste e completou a programa\u00e7\u00e3o de eventos da revenda, encerrando o ciclo programado para este ano. Cerca de 120 participantes estiveram presentes no evento que [&hellip;]<\/p>\n","protected":false},"author":2,"featured_media":2659,"comment_status":"closed","ping_status":"closed","sticky":false,"template":"","format":"standard","meta":{"inline_featured_image":false,"footnotes":""},"categories":[12],"tags":[],"class_list":["post-2658","post","type-post","status-publish","format-standard","has-post-thumbnail","hentry","category-eventos-corporativos"],"_links":{"self":[{"href":"https:\/\/cicb.com.br\/design2025\/wp-json\/wp\/v2\/posts\/2658","targetHints":{"allow":["GET"]}}],"collection":[{"href":"https:\/\/cicb.com.br\/design2025\/wp-json\/wp\/v2\/posts"}],"about":[{"href":"https:\/\/cicb.com.br\/design2025\/wp-json\/wp\/v2\/types\/post"}],"author":[{"embeddable":true,"href":"https:\/\/cicb.com.br\/design2025\/wp-json\/wp\/v2\/users\/2"}],"replies":[{"embeddable":true,"href":"https:\/\/cicb.com.br\/design2025\/wp-json\/wp\/v2\/comments?post=2658"}],"version-history":[{"count":0,"href":"https:\/\/cicb.com.br\/design2025\/wp-json\/wp\/v2\/posts\/2658\/revisions"}],"wp:featuredmedia":[{"embeddable":true,"href":"https:\/\/cicb.com.br\/design2025\/wp-json\/wp\/v2\/media\/2659"}],"wp:attachment":[{"href":"https:\/\/cicb.com.br\/design2025\/wp-json\/wp\/v2\/media?parent=2658"}],"wp:term":[{"taxonomy":"category","embeddable":true,"href":"https:\/\/cicb.com.br\/design2025\/wp-json\/wp\/v2\/categories?post=2658"},{"taxonomy":"post_tag","embeddable":true,"href":"https:\/\/cicb.com.br\/design2025\/wp-json\/wp\/v2\/tags?post=2658"}],"curies":[{"name":"wp","href":"https:\/\/api.w.org\/{rel}","templated":true}]}}