{"id":2663,"date":"2022-12-05T17:29:32","date_gmt":"2022-12-05T20:29:32","guid":{"rendered":"https:\/\/cicb.com.br\/design2025\/?p=2663"},"modified":"2025-06-02T11:25:40","modified_gmt":"2025-06-02T14:25:40","slug":"aneel-25-anos","status":"publish","type":"post","link":"https:\/\/cicb.com.br\/design2025\/2022\/12\/05\/aneel-25-anos\/","title":{"rendered":"ANEEL 25 ANOS"},"content":{"rendered":"\n<p>Em comemora\u00e7\u00e3o dos 25 anos da Ag\u00eancia Nacional de Energia El\u00e9trica &#8211; Aneel (@aneelgovbr) a institui\u00e7\u00e3o realizou uma cerim\u00f4nia e contou com a presen\u00e7a de dirigentes e ex-dirigentes, servidores e colaboradores da ag\u00eancia, al\u00e9m de outros convidados.<\/p>\n\n\n\n<figure class=\"wp-block-image size-large\"><img fetchpriority=\"high\" decoding=\"async\" width=\"1024\" height=\"768\" src=\"https:\/\/cicb.com.br\/design2025\/wp-content\/uploads\/2022\/12\/imagem-16-1024x768.jpeg\" alt=\"\" class=\"wp-image-2664\" srcset=\"https:\/\/cicb.com.br\/design2025\/wp-content\/uploads\/2022\/12\/imagem-16-1024x768.jpeg 1024w, https:\/\/cicb.com.br\/design2025\/wp-content\/uploads\/2022\/12\/imagem-16-300x225.jpeg 300w, https:\/\/cicb.com.br\/design2025\/wp-content\/uploads\/2022\/12\/imagem-16-768x576.jpeg 768w, https:\/\/cicb.com.br\/design2025\/wp-content\/uploads\/2022\/12\/imagem-16-1536x1152.jpeg 1536w, https:\/\/cicb.com.br\/design2025\/wp-content\/uploads\/2022\/12\/imagem-16-2048x1536.jpeg 2048w\" sizes=\"(max-width: 1024px) 100vw, 1024px\" \/><\/figure>\n\n\n\n<p>O Evento aconteceu nas salas modul\u00e1veis do piso 1 que foram transformadas em um audit\u00f3rio e recebeu mais de 800 pessoas, al\u00e9m dos participantes que acompanhavam a transmiss\u00e3o ao vivo.<\/p>\n\n\n\n<figure class=\"wp-block-image size-large\"><img decoding=\"async\" width=\"1024\" height=\"768\" src=\"https:\/\/cicb.com.br\/design2025\/wp-content\/uploads\/2022\/12\/imagem-14-1024x768.jpeg\" alt=\"\" class=\"wp-image-2665\" srcset=\"https:\/\/cicb.com.br\/design2025\/wp-content\/uploads\/2022\/12\/imagem-14-1024x768.jpeg 1024w, https:\/\/cicb.com.br\/design2025\/wp-content\/uploads\/2022\/12\/imagem-14-300x225.jpeg 300w, https:\/\/cicb.com.br\/design2025\/wp-content\/uploads\/2022\/12\/imagem-14-768x576.jpeg 768w, https:\/\/cicb.com.br\/design2025\/wp-content\/uploads\/2022\/12\/imagem-14-1536x1152.jpeg 1536w, https:\/\/cicb.com.br\/design2025\/wp-content\/uploads\/2022\/12\/imagem-14-2048x1536.jpeg 2048w\" sizes=\"(max-width: 1024px) 100vw, 1024px\" \/><\/figure>\n\n\n\n<p>Na ocasi\u00e3o, foram relembrados momentos marcantes da hist\u00f3ria da Aneel e nomes importantes como o Ministro de Minas e Energia, Adolfo Sachsida; o Ministro do TCU Benjamin Zymler; o Ministro Chefe da Casa Civil, Ciro Nogueira e o Secret\u00e1rio-Executivo do Minist\u00e9rio de Minas e Energia, Hailton Madureira.<\/p>\n\n\n\n<figure class=\"wp-block-image size-large\"><img decoding=\"async\" width=\"1024\" height=\"768\" src=\"https:\/\/cicb.com.br\/design2025\/wp-content\/uploads\/2022\/12\/imagem-15-1024x768.jpeg\" alt=\"\" class=\"wp-image-2666\" srcset=\"https:\/\/cicb.com.br\/design2025\/wp-content\/uploads\/2022\/12\/imagem-15-1024x768.jpeg 1024w, https:\/\/cicb.com.br\/design2025\/wp-content\/uploads\/2022\/12\/imagem-15-300x225.jpeg 300w, https:\/\/cicb.com.br\/design2025\/wp-content\/uploads\/2022\/12\/imagem-15-768x576.jpeg 768w, https:\/\/cicb.com.br\/design2025\/wp-content\/uploads\/2022\/12\/imagem-15-1536x1152.jpeg 1536w, https:\/\/cicb.com.br\/design2025\/wp-content\/uploads\/2022\/12\/imagem-15-2048x1536.jpeg 2048w\" sizes=\"(max-width: 1024px) 100vw, 1024px\" \/><\/figure>\n\n\n\n<p>Grandes eventos passam por aqui porque temos o espa\u00e7o e a modula\u00e7\u00e3o ideal para torn\u00e1-lo \u00fanico! Contate nosso comercial e agende uma visita atrav\u00e9s do e-mail <a href=\"mailto:comercial@cicb.com.br\">comercial@cicb.com.br<\/a> ou WhatsApp (61)2196-9030.<\/p>\n\n\n\n<p><\/p>\n","protected":false},"excerpt":{"rendered":"<p>Em comemora\u00e7\u00e3o dos 25 anos da Ag\u00eancia Nacional de Energia El\u00e9trica &#8211; Aneel (@aneelgovbr) a institui\u00e7\u00e3o realizou uma cerim\u00f4nia e contou com a presen\u00e7a de dirigentes e ex-dirigentes, servidores e colaboradores da ag\u00eancia, al\u00e9m de outros convidados. O Evento aconteceu nas salas modul\u00e1veis do piso 1 que foram transformadas em um audit\u00f3rio e recebeu mais [&hellip;]<\/p>\n","protected":false},"author":2,"featured_media":2667,"comment_status":"closed","ping_status":"closed","sticky":false,"template":"","format":"standard","meta":{"inline_featured_image":false,"footnotes":""},"categories":[12],"tags":[],"class_list":["post-2663","post","type-post","status-publish","format-standard","has-post-thumbnail","hentry","category-eventos-corporativos"],"_links":{"self":[{"href":"https:\/\/cicb.com.br\/design2025\/wp-json\/wp\/v2\/posts\/2663","targetHints":{"allow":["GET"]}}],"collection":[{"href":"https:\/\/cicb.com.br\/design2025\/wp-json\/wp\/v2\/posts"}],"about":[{"href":"https:\/\/cicb.com.br\/design2025\/wp-json\/wp\/v2\/types\/post"}],"author":[{"embeddable":true,"href":"https:\/\/cicb.com.br\/design2025\/wp-json\/wp\/v2\/users\/2"}],"replies":[{"embeddable":true,"href":"https:\/\/cicb.com.br\/design2025\/wp-json\/wp\/v2\/comments?post=2663"}],"version-history":[{"count":0,"href":"https:\/\/cicb.com.br\/design2025\/wp-json\/wp\/v2\/posts\/2663\/revisions"}],"wp:featuredmedia":[{"embeddable":true,"href":"https:\/\/cicb.com.br\/design2025\/wp-json\/wp\/v2\/media\/2667"}],"wp:attachment":[{"href":"https:\/\/cicb.com.br\/design2025\/wp-json\/wp\/v2\/media?parent=2663"}],"wp:term":[{"taxonomy":"category","embeddable":true,"href":"https:\/\/cicb.com.br\/design2025\/wp-json\/wp\/v2\/categories?post=2663"},{"taxonomy":"post_tag","embeddable":true,"href":"https:\/\/cicb.com.br\/design2025\/wp-json\/wp\/v2\/tags?post=2663"}],"curies":[{"name":"wp","href":"https:\/\/api.w.org\/{rel}","templated":true}]}}