{"id":2669,"date":"2022-12-08T16:23:46","date_gmt":"2022-12-08T19:23:46","guid":{"rendered":"https:\/\/cicb.com.br\/design2025\/?p=2669"},"modified":"2025-06-02T11:25:56","modified_gmt":"2025-06-02T14:25:56","slug":"encontro-nacional-de-atencao-integral-a-saude-do-trabalhador","status":"publish","type":"post","link":"https:\/\/cicb.com.br\/design2025\/2022\/12\/08\/encontro-nacional-de-atencao-integral-a-saude-do-trabalhador\/","title":{"rendered":"ENCONTRO NACIONAL DE ATEN\u00c7\u00c3O INTEGRAL \u00c0 SA\u00daDE DO TRABALHADOR"},"content":{"rendered":"\n<p>Recebemos o 10\u00ba Encontro Nacional de Aten\u00e7\u00e3o Integral \u00e0 Sa\u00fade do Trabalhador &#8211; Renast\u00e3o, evento promovido pelo Minist\u00e9rio da Sa\u00fade (@minsaude), que tem por finalidade definir os princ\u00edpios, as diretrizes e as estrat\u00e9gias a serem observados pelas tr\u00eas esferas de gest\u00e3o do Sistema \u00danico de Sa\u00fade (SUS) para o desenvolvimento da aten\u00e7\u00e3o integral \u00e0 sa\u00fade do trabalhador, visando a promo\u00e7\u00e3o e a prote\u00e7\u00e3o da sa\u00fade e a redu\u00e7\u00e3o da morbimortalidade entre os trabalhadores.<\/p>\n\n\n\n<figure class=\"wp-block-image size-large\"><img fetchpriority=\"high\" decoding=\"async\" width=\"1024\" height=\"768\" src=\"https:\/\/cicb.com.br\/design2025\/wp-content\/uploads\/2022\/12\/imagem-20-1024x768.jpeg\" alt=\"\" class=\"wp-image-2670\" srcset=\"https:\/\/cicb.com.br\/design2025\/wp-content\/uploads\/2022\/12\/imagem-20-1024x768.jpeg 1024w, https:\/\/cicb.com.br\/design2025\/wp-content\/uploads\/2022\/12\/imagem-20-300x225.jpeg 300w, https:\/\/cicb.com.br\/design2025\/wp-content\/uploads\/2022\/12\/imagem-20-768x576.jpeg 768w, https:\/\/cicb.com.br\/design2025\/wp-content\/uploads\/2022\/12\/imagem-20-1536x1152.jpeg 1536w, https:\/\/cicb.com.br\/design2025\/wp-content\/uploads\/2022\/12\/imagem-20-2048x1536.jpeg 2048w\" sizes=\"(max-width: 1024px) 100vw, 1024px\" \/><\/figure>\n\n\n\n<p>O evento aconteceu no piso 1, no lobby foi montado balc\u00e3o de credenciamento, painel para fotos, al\u00e9m do coquetel servido aos participantes. Cerca de 400 pessoas estiveram presentes e as salas modulares foram montadas no modelo audit\u00f3rio para melhor conforto e comodidade. Duas salas modul\u00e1veis receberam os pain\u00e9is interativos, cabines de fotos e linha do tempo do programa.<\/p>\n\n\n\n<figure class=\"wp-block-image size-large\"><img decoding=\"async\" width=\"1024\" height=\"768\" src=\"https:\/\/cicb.com.br\/design2025\/wp-content\/uploads\/2022\/12\/imagem-23-1024x768.jpeg\" alt=\"\" class=\"wp-image-2671\" srcset=\"https:\/\/cicb.com.br\/design2025\/wp-content\/uploads\/2022\/12\/imagem-23-1024x768.jpeg 1024w, https:\/\/cicb.com.br\/design2025\/wp-content\/uploads\/2022\/12\/imagem-23-300x225.jpeg 300w, https:\/\/cicb.com.br\/design2025\/wp-content\/uploads\/2022\/12\/imagem-23-768x576.jpeg 768w, https:\/\/cicb.com.br\/design2025\/wp-content\/uploads\/2022\/12\/imagem-23-1536x1152.jpeg 1536w, https:\/\/cicb.com.br\/design2025\/wp-content\/uploads\/2022\/12\/imagem-23-2048x1536.jpeg 2048w\" sizes=\"(max-width: 1024px) 100vw, 1024px\" \/><\/figure>\n\n\n\n<p>Para maior comodidade dos congressistas o almo\u00e7o e jantar foram servidos no restaurante, localizado no piso 3, administrado pelos nossos parceiros credenciados Fl\u00e1vio Pimentel e Marcial Pimentel com um buffet escolhido especialmente para o cliente.<\/p>\n\n\n\n<p>Aqui o seu evento \u00e9 \u00fanico porque damos \u00e0 voc\u00ea in\u00fameras possibilidades!<\/p>\n\n\n\n<p>\u200c<\/p>\n","protected":false},"excerpt":{"rendered":"<p>Recebemos o 10\u00ba Encontro Nacional de Aten\u00e7\u00e3o Integral \u00e0 Sa\u00fade do Trabalhador &#8211; Renast\u00e3o, evento promovido pelo Minist\u00e9rio da Sa\u00fade (@minsaude), que tem por finalidade definir os princ\u00edpios, as diretrizes e as estrat\u00e9gias a serem observados pelas tr\u00eas esferas de gest\u00e3o do Sistema \u00danico de Sa\u00fade (SUS) para o desenvolvimento da aten\u00e7\u00e3o integral \u00e0 sa\u00fade [&hellip;]<\/p>\n","protected":false},"author":2,"featured_media":2672,"comment_status":"closed","ping_status":"closed","sticky":false,"template":"","format":"standard","meta":{"inline_featured_image":false,"footnotes":""},"categories":[12],"tags":[],"class_list":["post-2669","post","type-post","status-publish","format-standard","has-post-thumbnail","hentry","category-eventos-corporativos"],"_links":{"self":[{"href":"https:\/\/cicb.com.br\/design2025\/wp-json\/wp\/v2\/posts\/2669","targetHints":{"allow":["GET"]}}],"collection":[{"href":"https:\/\/cicb.com.br\/design2025\/wp-json\/wp\/v2\/posts"}],"about":[{"href":"https:\/\/cicb.com.br\/design2025\/wp-json\/wp\/v2\/types\/post"}],"author":[{"embeddable":true,"href":"https:\/\/cicb.com.br\/design2025\/wp-json\/wp\/v2\/users\/2"}],"replies":[{"embeddable":true,"href":"https:\/\/cicb.com.br\/design2025\/wp-json\/wp\/v2\/comments?post=2669"}],"version-history":[{"count":0,"href":"https:\/\/cicb.com.br\/design2025\/wp-json\/wp\/v2\/posts\/2669\/revisions"}],"wp:featuredmedia":[{"embeddable":true,"href":"https:\/\/cicb.com.br\/design2025\/wp-json\/wp\/v2\/media\/2672"}],"wp:attachment":[{"href":"https:\/\/cicb.com.br\/design2025\/wp-json\/wp\/v2\/media?parent=2669"}],"wp:term":[{"taxonomy":"category","embeddable":true,"href":"https:\/\/cicb.com.br\/design2025\/wp-json\/wp\/v2\/categories?post=2669"},{"taxonomy":"post_tag","embeddable":true,"href":"https:\/\/cicb.com.br\/design2025\/wp-json\/wp\/v2\/tags?post=2669"}],"curies":[{"name":"wp","href":"https:\/\/api.w.org\/{rel}","templated":true}]}}