{"id":2681,"date":"2022-12-08T15:41:49","date_gmt":"2022-12-08T18:41:49","guid":{"rendered":"https:\/\/cicb.com.br\/design2025\/?p=2681"},"modified":"2025-06-02T11:25:48","modified_gmt":"2025-06-02T14:25:48","slug":"premio-cnt-de-jornalismo","status":"publish","type":"post","link":"https:\/\/cicb.com.br\/design2025\/2022\/12\/08\/premio-cnt-de-jornalismo\/","title":{"rendered":"PR\u00caMIO CNT DE JORNALISMO"},"content":{"rendered":"\n<p>Sediamos mais uma vez o Pr\u00eamio CNT de Jornalismo, organizado pela Confedera\u00e7\u00e3o Nacional do Transporte (@agenciacnt), que neste ano apresentou cerca de 30 finalistas e o Grande Pr\u00eamio \u2013 aquele que obteve a maior nota entre todos os finalistas \u2013 foi para a s\u00e9rie de reportagens \u201cA farra das pavimenta\u00e7\u00f5es da Codevasf\u201d, de Fl\u00e1vio Ferreira, da Folha de S.Paulo.<\/p>\n\n\n\n<p>A premia\u00e7\u00e3o aconteceu na plen\u00e1ria do Piso 3 e recebeu cerca de 600 convidados que, ap\u00f3s a cerim\u00f4nia, assistiram o show dos incr\u00edveis Alceu Valen\u00e7a, Elba Ramalho e Geraldo Azevedo. A decora\u00e7\u00e3o foi exclusivamente pensada para o cliente, o jantar ficou sob responsabilidade dos nossos parceiros da Banqueteria Rio 40 Graus, que mais uma vez deram um show!<\/p>\n\n\n\n<p>Palco de grandes eventos, somos o maior Centro de Conven\u00e7\u00f5es do Brasil! Contate nosso comercial e agende uma visita!<\/p>\n\n\n\n<p>\u200c<\/p>\n","protected":false},"excerpt":{"rendered":"<p>Sediamos mais uma vez o Pr\u00eamio CNT de Jornalismo, organizado pela Confedera\u00e7\u00e3o Nacional do Transporte (@agenciacnt), que neste ano apresentou cerca de 30 finalistas e o Grande Pr\u00eamio \u2013 aquele que obteve a maior nota entre todos os finalistas \u2013 foi para a s\u00e9rie de reportagens \u201cA farra das pavimenta\u00e7\u00f5es da Codevasf\u201d, de Fl\u00e1vio Ferreira, [&hellip;]<\/p>\n","protected":false},"author":2,"featured_media":2682,"comment_status":"closed","ping_status":"closed","sticky":false,"template":"","format":"standard","meta":{"inline_featured_image":false,"footnotes":""},"categories":[12,13],"tags":[],"class_list":["post-2681","post","type-post","status-publish","format-standard","has-post-thumbnail","hentry","category-eventos-corporativos","category-eventos-sociais"],"_links":{"self":[{"href":"https:\/\/cicb.com.br\/design2025\/wp-json\/wp\/v2\/posts\/2681","targetHints":{"allow":["GET"]}}],"collection":[{"href":"https:\/\/cicb.com.br\/design2025\/wp-json\/wp\/v2\/posts"}],"about":[{"href":"https:\/\/cicb.com.br\/design2025\/wp-json\/wp\/v2\/types\/post"}],"author":[{"embeddable":true,"href":"https:\/\/cicb.com.br\/design2025\/wp-json\/wp\/v2\/users\/2"}],"replies":[{"embeddable":true,"href":"https:\/\/cicb.com.br\/design2025\/wp-json\/wp\/v2\/comments?post=2681"}],"version-history":[{"count":0,"href":"https:\/\/cicb.com.br\/design2025\/wp-json\/wp\/v2\/posts\/2681\/revisions"}],"wp:featuredmedia":[{"embeddable":true,"href":"https:\/\/cicb.com.br\/design2025\/wp-json\/wp\/v2\/media\/2682"}],"wp:attachment":[{"href":"https:\/\/cicb.com.br\/design2025\/wp-json\/wp\/v2\/media?parent=2681"}],"wp:term":[{"taxonomy":"category","embeddable":true,"href":"https:\/\/cicb.com.br\/design2025\/wp-json\/wp\/v2\/categories?post=2681"},{"taxonomy":"post_tag","embeddable":true,"href":"https:\/\/cicb.com.br\/design2025\/wp-json\/wp\/v2\/tags?post=2681"}],"curies":[{"name":"wp","href":"https:\/\/api.w.org\/{rel}","templated":true}]}}