{"id":2687,"date":"2022-12-22T15:55:08","date_gmt":"2022-12-22T18:55:08","guid":{"rendered":"https:\/\/cicb.com.br\/design2025\/?p=2687"},"modified":"2025-06-02T11:26:02","modified_gmt":"2025-06-02T14:26:02","slug":"caminhos-da-vigilancia","status":"publish","type":"post","link":"https:\/\/cicb.com.br\/design2025\/2022\/12\/22\/caminhos-da-vigilancia\/","title":{"rendered":"CAMINHOS DA VIGIL\u00c2NCIA"},"content":{"rendered":"\n<p>O Minist\u00e9rio da Sa\u00fade fez o balan\u00e7o das principais entregas e a\u00e7\u00f5es da Secretaria de Vigil\u00e2ncia em Sa\u00fade e reuniu 300 participantes durante o evento Caminhos da Vigil\u00e2ncia 2022.<\/p>\n\n\n\n<figure class=\"wp-block-gallery has-nested-images columns-default is-cropped wp-block-gallery-1 is-layout-flex wp-block-gallery-is-layout-flex\">\n<figure class=\"wp-block-image size-large\"><img fetchpriority=\"high\" decoding=\"async\" width=\"1024\" height=\"768\" data-id=\"2689\" src=\"https:\/\/cicb.com.br\/design2025\/wp-content\/uploads\/2022\/12\/IMG_6306_1-1024x768.jpg\" alt=\"\" class=\"wp-image-2689\" srcset=\"https:\/\/cicb.com.br\/design2025\/wp-content\/uploads\/2022\/12\/IMG_6306_1-1024x768.jpg 1024w, https:\/\/cicb.com.br\/design2025\/wp-content\/uploads\/2022\/12\/IMG_6306_1-300x225.jpg 300w, https:\/\/cicb.com.br\/design2025\/wp-content\/uploads\/2022\/12\/IMG_6306_1-768x576.jpg 768w, https:\/\/cicb.com.br\/design2025\/wp-content\/uploads\/2022\/12\/IMG_6306_1-1536x1152.jpg 1536w, https:\/\/cicb.com.br\/design2025\/wp-content\/uploads\/2022\/12\/IMG_6306_1-2048x1536.jpg 2048w\" sizes=\"(max-width: 1024px) 100vw, 1024px\" \/><\/figure>\n<\/figure>\n\n\n\n<p>Durante a cerim\u00f4nia servidores e colaboradores foram homenageados por suas trajet\u00f3rias na secretaria e tamb\u00e9m os principais parceiros Conselho Nacional das Secretarias de Sa\u00fade-CONASS, Conselho dos Secret\u00e1rios Municipais de Sa\u00fade-CONASEMS, Conselho Nacional de Saude-CNS e Organiza\u00e7\u00e3o Pan-Americana da Sa\u00fade-OPAS\/OMS.<\/p>\n\n\n\n<figure class=\"wp-block-gallery has-nested-images columns-default is-cropped wp-block-gallery-2 is-layout-flex wp-block-gallery-is-layout-flex\">\n<figure class=\"wp-block-image size-large\"><img decoding=\"async\" width=\"1024\" height=\"768\" data-id=\"2690\" src=\"https:\/\/cicb.com.br\/design2025\/wp-content\/uploads\/2022\/12\/IMG_6303-1024x768.jpg\" alt=\"\" class=\"wp-image-2690\" srcset=\"https:\/\/cicb.com.br\/design2025\/wp-content\/uploads\/2022\/12\/IMG_6303-1024x768.jpg 1024w, https:\/\/cicb.com.br\/design2025\/wp-content\/uploads\/2022\/12\/IMG_6303-300x225.jpg 300w, https:\/\/cicb.com.br\/design2025\/wp-content\/uploads\/2022\/12\/IMG_6303-768x576.jpg 768w, https:\/\/cicb.com.br\/design2025\/wp-content\/uploads\/2022\/12\/IMG_6303-1536x1152.jpg 1536w, https:\/\/cicb.com.br\/design2025\/wp-content\/uploads\/2022\/12\/IMG_6303-2048x1536.jpg 2048w\" sizes=\"(max-width: 1024px) 100vw, 1024px\" \/><\/figure>\n<\/figure>\n\n\n\n<p>O evento aconteceu no piso 1 e sete salas modul\u00e1veis foram utilizadas e montadas no formato banquete, onde permite que todos tenham vis\u00e3o ampla do palco, localizado no centro. Os nossos parceiros da\u00a0@trend_led\u00a0foram os respons\u00e1veis pelas paredes de led, j\u00e1 o buffet foi montado pelos nossos parceiros da\u00a0@marciapimentelbuffet\u00a0com card\u00e1pio escolhido especialmente para o cliente.<\/p>\n\n\n\n<figure class=\"wp-block-gallery has-nested-images columns-default is-cropped wp-block-gallery-3 is-layout-flex wp-block-gallery-is-layout-flex\">\n<figure class=\"wp-block-image size-large\"><img decoding=\"async\" width=\"1024\" height=\"768\" data-id=\"2691\" src=\"https:\/\/cicb.com.br\/design2025\/wp-content\/uploads\/2022\/12\/IMG_6280_2-1024x768.jpg\" alt=\"\" class=\"wp-image-2691\" srcset=\"https:\/\/cicb.com.br\/design2025\/wp-content\/uploads\/2022\/12\/IMG_6280_2-1024x768.jpg 1024w, https:\/\/cicb.com.br\/design2025\/wp-content\/uploads\/2022\/12\/IMG_6280_2-300x225.jpg 300w, https:\/\/cicb.com.br\/design2025\/wp-content\/uploads\/2022\/12\/IMG_6280_2-768x576.jpg 768w, https:\/\/cicb.com.br\/design2025\/wp-content\/uploads\/2022\/12\/IMG_6280_2-1536x1152.jpg 1536w, https:\/\/cicb.com.br\/design2025\/wp-content\/uploads\/2022\/12\/IMG_6280_2-2048x1536.jpg 2048w\" sizes=\"(max-width: 1024px) 100vw, 1024px\" \/><\/figure>\n<\/figure>\n\n\n\n<p>Para n\u00f3s do CICB \u00e9 uma honra sediarmos eventos de empresas s\u00e9rias e comprometidas, e o minist\u00e9rio da Sa\u00fade esteve conosco durante todo o ano de 2022 com eventos que servem \u00e0 sociedade. Muito obrigado pela confian\u00e7a em nosso trabalho e nos vemos em 2023!<\/p>\n\n\n\n<figure class=\"wp-block-gallery has-nested-images columns-default is-cropped wp-block-gallery-4 is-layout-flex wp-block-gallery-is-layout-flex\">\n<figure class=\"wp-block-image size-large\"><img loading=\"lazy\" decoding=\"async\" width=\"1024\" height=\"768\" data-id=\"2692\" src=\"https:\/\/cicb.com.br\/design2025\/wp-content\/uploads\/2022\/12\/IMG_6286-1024x768.jpg\" alt=\"\" class=\"wp-image-2692\" srcset=\"https:\/\/cicb.com.br\/design2025\/wp-content\/uploads\/2022\/12\/IMG_6286-1024x768.jpg 1024w, https:\/\/cicb.com.br\/design2025\/wp-content\/uploads\/2022\/12\/IMG_6286-300x225.jpg 300w, https:\/\/cicb.com.br\/design2025\/wp-content\/uploads\/2022\/12\/IMG_6286-768x576.jpg 768w, https:\/\/cicb.com.br\/design2025\/wp-content\/uploads\/2022\/12\/IMG_6286-1536x1152.jpg 1536w, https:\/\/cicb.com.br\/design2025\/wp-content\/uploads\/2022\/12\/IMG_6286-2048x1536.jpg 2048w\" sizes=\"(max-width: 1024px) 100vw, 1024px\" \/><\/figure>\n<\/figure>\n\n\n\n<p>\u200c<\/p>\n","protected":false},"excerpt":{"rendered":"<p>O Minist\u00e9rio da Sa\u00fade fez o balan\u00e7o das principais entregas e a\u00e7\u00f5es da Secretaria de Vigil\u00e2ncia em Sa\u00fade e reuniu 300 participantes durante o evento Caminhos da Vigil\u00e2ncia 2022. Durante a cerim\u00f4nia servidores e colaboradores foram homenageados por suas trajet\u00f3rias na secretaria e tamb\u00e9m os principais parceiros Conselho Nacional das Secretarias de Sa\u00fade-CONASS, Conselho dos [&hellip;]<\/p>\n","protected":false},"author":2,"featured_media":2688,"comment_status":"closed","ping_status":"closed","sticky":false,"template":"","format":"standard","meta":{"inline_featured_image":false,"footnotes":""},"categories":[12,42],"tags":[],"class_list":["post-2687","post","type-post","status-publish","format-standard","has-post-thumbnail","hentry","category-eventos-corporativos","category-eventos-medicos"],"_links":{"self":[{"href":"https:\/\/cicb.com.br\/design2025\/wp-json\/wp\/v2\/posts\/2687","targetHints":{"allow":["GET"]}}],"collection":[{"href":"https:\/\/cicb.com.br\/design2025\/wp-json\/wp\/v2\/posts"}],"about":[{"href":"https:\/\/cicb.com.br\/design2025\/wp-json\/wp\/v2\/types\/post"}],"author":[{"embeddable":true,"href":"https:\/\/cicb.com.br\/design2025\/wp-json\/wp\/v2\/users\/2"}],"replies":[{"embeddable":true,"href":"https:\/\/cicb.com.br\/design2025\/wp-json\/wp\/v2\/comments?post=2687"}],"version-history":[{"count":0,"href":"https:\/\/cicb.com.br\/design2025\/wp-json\/wp\/v2\/posts\/2687\/revisions"}],"wp:featuredmedia":[{"embeddable":true,"href":"https:\/\/cicb.com.br\/design2025\/wp-json\/wp\/v2\/media\/2688"}],"wp:attachment":[{"href":"https:\/\/cicb.com.br\/design2025\/wp-json\/wp\/v2\/media?parent=2687"}],"wp:term":[{"taxonomy":"category","embeddable":true,"href":"https:\/\/cicb.com.br\/design2025\/wp-json\/wp\/v2\/categories?post=2687"},{"taxonomy":"post_tag","embeddable":true,"href":"https:\/\/cicb.com.br\/design2025\/wp-json\/wp\/v2\/tags?post=2687"}],"curies":[{"name":"wp","href":"https:\/\/api.w.org\/{rel}","templated":true}]}}