{"id":2702,"date":"2023-02-13T16:48:20","date_gmt":"2023-02-13T19:48:20","guid":{"rendered":"https:\/\/cicb.com.br\/design2025\/?p=2702"},"modified":"2025-06-02T11:26:08","modified_gmt":"2025-06-02T14:26:08","slug":"vired-summit","status":"publish","type":"post","link":"https:\/\/cicb.com.br\/design2025\/2023\/02\/13\/vired-summit\/","title":{"rendered":"VIRED SUMMIT"},"content":{"rendered":"\n<p>Nesta semana recebemos o evento Vired Summit, organizado pela Caixa Econ\u00f4mica Federal, que contou com a participa\u00e7\u00e3o do Ministro da Casa Civil, Rui Costa; o Ministro do Desenvolvimento Social, Wellington Dias; o Ministro da Fazenda, Fernando Haddad e a deputada Federal, Erika Kokay que conversaram sobre o alinhamento estrat\u00e9gico para posicionamento da Caixa diante do novo Brasil, que tem como objetivo melhorar a qualidade de vida da popula\u00e7\u00e3o atrav\u00e9s das parcerias com o Governo Federal.<\/p>\n\n\n\n<figure class=\"wp-block-image size-large\"><img fetchpriority=\"high\" decoding=\"async\" width=\"1024\" height=\"768\" src=\"https:\/\/cicb.com.br\/design2025\/wp-content\/uploads\/2023\/02\/IMG_0344-1024x768.jpg\" alt=\"\" class=\"wp-image-2703\" srcset=\"https:\/\/cicb.com.br\/design2025\/wp-content\/uploads\/2023\/02\/IMG_0344-1024x768.jpg 1024w, https:\/\/cicb.com.br\/design2025\/wp-content\/uploads\/2023\/02\/IMG_0344-300x225.jpg 300w, https:\/\/cicb.com.br\/design2025\/wp-content\/uploads\/2023\/02\/IMG_0344-768x576.jpg 768w, https:\/\/cicb.com.br\/design2025\/wp-content\/uploads\/2023\/02\/IMG_0344-1536x1152.jpg 1536w, https:\/\/cicb.com.br\/design2025\/wp-content\/uploads\/2023\/02\/IMG_0344-2048x1536.jpg 2048w\" sizes=\"(max-width: 1024px) 100vw, 1024px\" \/><\/figure>\n\n\n\n<p>A presidente da Caixa, Rita Serrano, afirmou ainda que uma das prioridades da institui\u00e7\u00e3o \u00e9 fomentar a justi\u00e7a social e reduzir as desigualdades do pa\u00eds. O evento aconteceu na plen\u00e1ria do Piso 3, lobby para exposi\u00e7\u00f5es e restaurante, e contou com a participa\u00e7\u00e3o de mais de 1.500 pessoas que vieram de diversas regi\u00f5es do pa\u00eds e receberam o reconhecimento e premia\u00e7\u00e3o da institui\u00e7\u00e3o.<\/p>\n\n\n\n<figure class=\"wp-block-image size-large\"><img decoding=\"async\" width=\"1024\" height=\"768\" src=\"https:\/\/cicb.com.br\/design2025\/wp-content\/uploads\/2023\/02\/IMG_0340-1024x768.jpg\" alt=\"\" class=\"wp-image-2704\" srcset=\"https:\/\/cicb.com.br\/design2025\/wp-content\/uploads\/2023\/02\/IMG_0340-1024x768.jpg 1024w, https:\/\/cicb.com.br\/design2025\/wp-content\/uploads\/2023\/02\/IMG_0340-300x225.jpg 300w, https:\/\/cicb.com.br\/design2025\/wp-content\/uploads\/2023\/02\/IMG_0340-768x576.jpg 768w, https:\/\/cicb.com.br\/design2025\/wp-content\/uploads\/2023\/02\/IMG_0340-1536x1152.jpg 1536w, https:\/\/cicb.com.br\/design2025\/wp-content\/uploads\/2023\/02\/IMG_0340-2048x1536.jpg 2048w\" sizes=\"(max-width: 1024px) 100vw, 1024px\" \/><\/figure>\n\n\n\n<p>A tecnologia e inova\u00e7\u00e3o proporciona um formato \u00fanico e desta vez n\u00e3o foi diferente, o cliente realizou tr\u00eas palestras simult\u00e2neas no mesmo ambiente e cada participante p\u00f4de acompanhar atrav\u00e9s de fones de ouvido, e isso s\u00f3 foi poss\u00edvel porque nossos parceiros credenciados da Wixx Solu\u00e7\u00f5es fornecem servi\u00e7o de internet de qualidade e proporciona maior alcance da tecnologia em cada evento.<\/p>\n\n\n\n<figure class=\"wp-block-image size-large\"><img decoding=\"async\" width=\"1024\" height=\"768\" src=\"https:\/\/cicb.com.br\/design2025\/wp-content\/uploads\/2023\/02\/IMG_0281-1024x768.jpg\" alt=\"\" class=\"wp-image-2705\" srcset=\"https:\/\/cicb.com.br\/design2025\/wp-content\/uploads\/2023\/02\/IMG_0281-1024x768.jpg 1024w, https:\/\/cicb.com.br\/design2025\/wp-content\/uploads\/2023\/02\/IMG_0281-300x225.jpg 300w, https:\/\/cicb.com.br\/design2025\/wp-content\/uploads\/2023\/02\/IMG_0281-768x576.jpg 768w, https:\/\/cicb.com.br\/design2025\/wp-content\/uploads\/2023\/02\/IMG_0281-1536x1152.jpg 1536w, https:\/\/cicb.com.br\/design2025\/wp-content\/uploads\/2023\/02\/IMG_0281-2048x1536.jpg 2048w\" sizes=\"(max-width: 1024px) 100vw, 1024px\" \/><\/figure>\n\n\n\n<p>Participantes que vieram de outros Estados se hospedaram no CICB Hospitality e vivenciaram a experi\u00eancia \u00fanica de hospedar-se no mesmo local do evento com maior conforto e praticidade.<\/p>\n\n\n\n<p>Viva a experi\u00eancia CICB!<\/p>\n\n\n\n<figure class=\"wp-block-image size-large\"><img loading=\"lazy\" decoding=\"async\" width=\"768\" height=\"1024\" src=\"https:\/\/cicb.com.br\/design2025\/wp-content\/uploads\/2023\/02\/IMG_0338-768x1024.jpg\" alt=\"\" class=\"wp-image-2706\" srcset=\"https:\/\/cicb.com.br\/design2025\/wp-content\/uploads\/2023\/02\/IMG_0338-768x1024.jpg 768w, https:\/\/cicb.com.br\/design2025\/wp-content\/uploads\/2023\/02\/IMG_0338-225x300.jpg 225w, https:\/\/cicb.com.br\/design2025\/wp-content\/uploads\/2023\/02\/IMG_0338-1152x1536.jpg 1152w, https:\/\/cicb.com.br\/design2025\/wp-content\/uploads\/2023\/02\/IMG_0338.jpg 1200w\" sizes=\"(max-width: 768px) 100vw, 768px\" \/><\/figure>\n\n\n\n<p>Agende uma visita atrav\u00e9s do e-mail:&nbsp;<a href=\"mailto:comercial@cicb.com.br\" target=\"_blank\" rel=\"noreferrer noopener\"><\/a><a href=\"mailto:comercial@cicb.com.br\">comercial@cicb.com.br<\/a>&nbsp;ou WhatsApp: (61) 2196-9030.<\/p>\n","protected":false},"excerpt":{"rendered":"<p>Nesta semana recebemos o evento Vired Summit, organizado pela Caixa Econ\u00f4mica Federal, que contou com a participa\u00e7\u00e3o do Ministro da Casa Civil, Rui Costa; o Ministro do Desenvolvimento Social, Wellington Dias; o Ministro da Fazenda, Fernando Haddad e a deputada Federal, Erika Kokay que conversaram sobre o alinhamento estrat\u00e9gico para posicionamento da Caixa diante do [&hellip;]<\/p>\n","protected":false},"author":2,"featured_media":2707,"comment_status":"closed","ping_status":"closed","sticky":false,"template":"","format":"standard","meta":{"inline_featured_image":false,"footnotes":""},"categories":[12],"tags":[],"class_list":["post-2702","post","type-post","status-publish","format-standard","has-post-thumbnail","hentry","category-eventos-corporativos"],"_links":{"self":[{"href":"https:\/\/cicb.com.br\/design2025\/wp-json\/wp\/v2\/posts\/2702","targetHints":{"allow":["GET"]}}],"collection":[{"href":"https:\/\/cicb.com.br\/design2025\/wp-json\/wp\/v2\/posts"}],"about":[{"href":"https:\/\/cicb.com.br\/design2025\/wp-json\/wp\/v2\/types\/post"}],"author":[{"embeddable":true,"href":"https:\/\/cicb.com.br\/design2025\/wp-json\/wp\/v2\/users\/2"}],"replies":[{"embeddable":true,"href":"https:\/\/cicb.com.br\/design2025\/wp-json\/wp\/v2\/comments?post=2702"}],"version-history":[{"count":0,"href":"https:\/\/cicb.com.br\/design2025\/wp-json\/wp\/v2\/posts\/2702\/revisions"}],"wp:featuredmedia":[{"embeddable":true,"href":"https:\/\/cicb.com.br\/design2025\/wp-json\/wp\/v2\/media\/2707"}],"wp:attachment":[{"href":"https:\/\/cicb.com.br\/design2025\/wp-json\/wp\/v2\/media?parent=2702"}],"wp:term":[{"taxonomy":"category","embeddable":true,"href":"https:\/\/cicb.com.br\/design2025\/wp-json\/wp\/v2\/categories?post=2702"},{"taxonomy":"post_tag","embeddable":true,"href":"https:\/\/cicb.com.br\/design2025\/wp-json\/wp\/v2\/tags?post=2702"}],"curies":[{"name":"wp","href":"https:\/\/api.w.org\/{rel}","templated":true}]}}