{"id":2769,"date":"2023-03-13T10:43:00","date_gmt":"2023-03-13T13:43:00","guid":{"rendered":"https:\/\/cicb.com.br\/design2025\/?p=2769"},"modified":"2025-06-02T11:26:14","modified_gmt":"2025-06-02T14:26:14","slug":"aps-do-futuro","status":"publish","type":"post","link":"https:\/\/cicb.com.br\/design2025\/2023\/03\/13\/aps-do-futuro\/","title":{"rendered":"APS DO FUTURO"},"content":{"rendered":"\n<p>J\u00e1 pensou em montar o seu evento nos mais variados formatos? Seja ele congresso, palestra, workshop ou aul\u00e3o, as nossas salas amplas e totalmente modul\u00e1veis disp\u00f5e de v\u00e1rios formatos de montagens das cadeiras que se encaixam com o layout do seu evento.<\/p>\n\n\n\n<figure class=\"wp-block-gallery has-nested-images columns-default is-cropped wp-block-gallery-1 is-layout-flex wp-block-gallery-is-layout-flex\">\n<figure class=\"wp-block-image size-large\"><img fetchpriority=\"high\" decoding=\"async\" width=\"1024\" height=\"768\" data-id=\"2771\" src=\"https:\/\/cicb.com.br\/design2025\/wp-content\/uploads\/2023\/03\/IMG_0398.HEIC-1024x768.jpg\" alt=\"\" class=\"wp-image-2771\" srcset=\"https:\/\/cicb.com.br\/design2025\/wp-content\/uploads\/2023\/03\/IMG_0398.HEIC-1024x768.jpg 1024w, https:\/\/cicb.com.br\/design2025\/wp-content\/uploads\/2023\/03\/IMG_0398.HEIC-300x225.jpg 300w, https:\/\/cicb.com.br\/design2025\/wp-content\/uploads\/2023\/03\/IMG_0398.HEIC-768x576.jpg 768w, https:\/\/cicb.com.br\/design2025\/wp-content\/uploads\/2023\/03\/IMG_0398.HEIC.jpg 1200w\" sizes=\"(max-width: 1024px) 100vw, 1024px\" \/><\/figure>\n<\/figure>\n\n\n\n<p>Para o coffee break os nossos parceiros montam o card\u00e1pio junto ao cliente! Aqui no CICB o nosso foco \u00e9 facilitar o desenvolvimento e colaborar para o sucesso do seu evento!<\/p>\n\n\n\n<p><\/p>\n\n\n\n<p>\u200c<\/p>\n\n\n\n<figure class=\"wp-block-gallery has-nested-images columns-default is-cropped wp-block-gallery-2 is-layout-flex wp-block-gallery-is-layout-flex\">\n<figure class=\"wp-block-image size-large\"><img decoding=\"async\" width=\"768\" height=\"1024\" data-id=\"2773\" src=\"https:\/\/cicb.com.br\/design2025\/wp-content\/uploads\/2023\/03\/IMG_0415.heic-768x1024.jpg\" alt=\"\" class=\"wp-image-2773\" srcset=\"https:\/\/cicb.com.br\/design2025\/wp-content\/uploads\/2023\/03\/IMG_0415.heic-768x1024.jpg 768w, https:\/\/cicb.com.br\/design2025\/wp-content\/uploads\/2023\/03\/IMG_0415.heic-225x300.jpg 225w, https:\/\/cicb.com.br\/design2025\/wp-content\/uploads\/2023\/03\/IMG_0415.heic-1152x1536.jpg 1152w, https:\/\/cicb.com.br\/design2025\/wp-content\/uploads\/2023\/03\/IMG_0415.heic.jpg 1200w\" sizes=\"(max-width: 768px) 100vw, 768px\" \/><\/figure>\n\n\n\n<figure class=\"wp-block-image size-large\"><img decoding=\"async\" width=\"768\" height=\"1024\" data-id=\"2772\" src=\"https:\/\/cicb.com.br\/design2025\/wp-content\/uploads\/2023\/03\/IMG_0406.heic-768x1024.jpg\" alt=\"\" class=\"wp-image-2772\" srcset=\"https:\/\/cicb.com.br\/design2025\/wp-content\/uploads\/2023\/03\/IMG_0406.heic-768x1024.jpg 768w, https:\/\/cicb.com.br\/design2025\/wp-content\/uploads\/2023\/03\/IMG_0406.heic-225x300.jpg 225w, https:\/\/cicb.com.br\/design2025\/wp-content\/uploads\/2023\/03\/IMG_0406.heic-1152x1536.jpg 1152w, https:\/\/cicb.com.br\/design2025\/wp-content\/uploads\/2023\/03\/IMG_0406.heic.jpg 1200w\" sizes=\"(max-width: 768px) 100vw, 768px\" \/><\/figure>\n<\/figure>\n","protected":false},"excerpt":{"rendered":"<p>J\u00e1 pensou em montar o seu evento nos mais variados formatos? Seja ele congresso, palestra, workshop ou aul\u00e3o, as nossas salas amplas e totalmente modul\u00e1veis disp\u00f5e de v\u00e1rios formatos de montagens das cadeiras que se encaixam com o layout do seu evento. Para o coffee break os nossos parceiros montam o card\u00e1pio junto ao cliente! [&hellip;]<\/p>\n","protected":false},"author":2,"featured_media":2770,"comment_status":"closed","ping_status":"closed","sticky":false,"template":"","format":"standard","meta":{"inline_featured_image":false,"footnotes":""},"categories":[12],"tags":[],"class_list":["post-2769","post","type-post","status-publish","format-standard","has-post-thumbnail","hentry","category-eventos-corporativos"],"_links":{"self":[{"href":"https:\/\/cicb.com.br\/design2025\/wp-json\/wp\/v2\/posts\/2769","targetHints":{"allow":["GET"]}}],"collection":[{"href":"https:\/\/cicb.com.br\/design2025\/wp-json\/wp\/v2\/posts"}],"about":[{"href":"https:\/\/cicb.com.br\/design2025\/wp-json\/wp\/v2\/types\/post"}],"author":[{"embeddable":true,"href":"https:\/\/cicb.com.br\/design2025\/wp-json\/wp\/v2\/users\/2"}],"replies":[{"embeddable":true,"href":"https:\/\/cicb.com.br\/design2025\/wp-json\/wp\/v2\/comments?post=2769"}],"version-history":[{"count":0,"href":"https:\/\/cicb.com.br\/design2025\/wp-json\/wp\/v2\/posts\/2769\/revisions"}],"wp:featuredmedia":[{"embeddable":true,"href":"https:\/\/cicb.com.br\/design2025\/wp-json\/wp\/v2\/media\/2770"}],"wp:attachment":[{"href":"https:\/\/cicb.com.br\/design2025\/wp-json\/wp\/v2\/media?parent=2769"}],"wp:term":[{"taxonomy":"category","embeddable":true,"href":"https:\/\/cicb.com.br\/design2025\/wp-json\/wp\/v2\/categories?post=2769"},{"taxonomy":"post_tag","embeddable":true,"href":"https:\/\/cicb.com.br\/design2025\/wp-json\/wp\/v2\/tags?post=2769"}],"curies":[{"name":"wp","href":"https:\/\/api.w.org\/{rel}","templated":true}]}}