{"id":2808,"date":"2023-03-21T13:36:18","date_gmt":"2023-03-21T16:36:18","guid":{"rendered":"https:\/\/cicb.com.br\/design2025\/?p=2808"},"modified":"2025-06-02T11:26:21","modified_gmt":"2025-06-02T14:26:21","slug":"this-is-us-congresso-internacional-de-ultrassonografia","status":"publish","type":"post","link":"https:\/\/cicb.com.br\/design2025\/2023\/03\/21\/this-is-us-congresso-internacional-de-ultrassonografia\/","title":{"rendered":"THIS IS US &#8211; CONGRESSO INTERNACIONAL DE ULTRASSONOGRAFIA"},"content":{"rendered":"\n<p>This is US- Congresso Internacional de Ultrassonografia reuniu os principais nomes mundiais e nacionais do diagn\u00f3stico por imagem via ultrassom. O evento m\u00e9dico\/cient\u00edfico aconteceu no Piso 1 e abordou as \u00faltimas tend\u00eancias e estudos sobre a ultrassonografia, casos cl\u00ednicos, demonstra\u00e7\u00e3o de exames e debate interativo de temas atuais na \u00e1rea.<\/p>\n\n\n\n<figure class=\"wp-block-gallery has-nested-images columns-default is-cropped wp-block-gallery-1 is-layout-flex wp-block-gallery-is-layout-flex\">\n<figure class=\"wp-block-image size-large\"><img fetchpriority=\"high\" decoding=\"async\" width=\"1024\" height=\"768\" data-id=\"2810\" src=\"https:\/\/cicb.com.br\/design2025\/wp-content\/uploads\/2023\/03\/IMG_0671.HEIC-1024x768.jpg\" alt=\"\" class=\"wp-image-2810\" srcset=\"https:\/\/cicb.com.br\/design2025\/wp-content\/uploads\/2023\/03\/IMG_0671.HEIC-1024x768.jpg 1024w, https:\/\/cicb.com.br\/design2025\/wp-content\/uploads\/2023\/03\/IMG_0671.HEIC-300x225.jpg 300w, https:\/\/cicb.com.br\/design2025\/wp-content\/uploads\/2023\/03\/IMG_0671.HEIC-768x576.jpg 768w, https:\/\/cicb.com.br\/design2025\/wp-content\/uploads\/2023\/03\/IMG_0671.HEIC.jpg 1200w\" sizes=\"(max-width: 1024px) 100vw, 1024px\" \/><\/figure>\n<\/figure>\n\n\n\n<p>Professores palestrantes internacionais ministraram as aulas para mais de 300 m\u00e9dicos de todo o Brasil.<\/p>\n\n\n\n<p>Na ala de exposi\u00e7\u00e3o foram montados stands com o que h\u00e1 de mais moderno em equipamentos de ultrassonografia.<\/p>\n\n\n\n<figure class=\"wp-block-gallery has-nested-images columns-default is-cropped wp-block-gallery-2 is-layout-flex wp-block-gallery-is-layout-flex\">\n<figure class=\"wp-block-image size-large\"><img decoding=\"async\" width=\"1024\" height=\"596\" data-id=\"2811\" src=\"https:\/\/cicb.com.br\/design2025\/wp-content\/uploads\/2023\/03\/IMG_0685.HEIC-1024x596.jpg\" alt=\"\" class=\"wp-image-2811\" srcset=\"https:\/\/cicb.com.br\/design2025\/wp-content\/uploads\/2023\/03\/IMG_0685.HEIC-1024x596.jpg 1024w, https:\/\/cicb.com.br\/design2025\/wp-content\/uploads\/2023\/03\/IMG_0685.HEIC-300x175.jpg 300w, https:\/\/cicb.com.br\/design2025\/wp-content\/uploads\/2023\/03\/IMG_0685.HEIC-768x447.jpg 768w, https:\/\/cicb.com.br\/design2025\/wp-content\/uploads\/2023\/03\/IMG_0685.HEIC.jpg 1199w\" sizes=\"(max-width: 1024px) 100vw, 1024px\" \/><\/figure>\n\n\n\n<figure class=\"wp-block-image size-large\"><img decoding=\"async\" width=\"1024\" height=\"768\" data-id=\"2812\" src=\"https:\/\/cicb.com.br\/design2025\/wp-content\/uploads\/2023\/03\/IMG_0676.HEIC-1024x768.jpg\" alt=\"\" class=\"wp-image-2812\" srcset=\"https:\/\/cicb.com.br\/design2025\/wp-content\/uploads\/2023\/03\/IMG_0676.HEIC-1024x768.jpg 1024w, https:\/\/cicb.com.br\/design2025\/wp-content\/uploads\/2023\/03\/IMG_0676.HEIC-300x225.jpg 300w, https:\/\/cicb.com.br\/design2025\/wp-content\/uploads\/2023\/03\/IMG_0676.HEIC-768x576.jpg 768w, https:\/\/cicb.com.br\/design2025\/wp-content\/uploads\/2023\/03\/IMG_0676.HEIC.jpg 1200w\" sizes=\"(max-width: 1024px) 100vw, 1024px\" \/><\/figure>\n<\/figure>\n\n\n\n<p>O seu evento acontece aqui. Venha para o CICB e viva essa experi\u00eancia \u00fanica!<\/p>\n","protected":false},"excerpt":{"rendered":"<p>This is US- Congresso Internacional de Ultrassonografia reuniu os principais nomes mundiais e nacionais do diagn\u00f3stico por imagem via ultrassom. O evento m\u00e9dico\/cient\u00edfico aconteceu no Piso 1 e abordou as \u00faltimas tend\u00eancias e estudos sobre a ultrassonografia, casos cl\u00ednicos, demonstra\u00e7\u00e3o de exames e debate interativo de temas atuais na \u00e1rea. Professores palestrantes internacionais ministraram as [&hellip;]<\/p>\n","protected":false},"author":2,"featured_media":2809,"comment_status":"closed","ping_status":"closed","sticky":false,"template":"","format":"standard","meta":{"inline_featured_image":false,"footnotes":""},"categories":[12,42],"tags":[21,22,20],"class_list":["post-2808","post","type-post","status-publish","format-standard","has-post-thumbnail","hentry","category-eventos-corporativos","category-eventos-medicos","tag-cicb-eventos","tag-eventos-corporativos","tag-eventos-em-brasilia"],"_links":{"self":[{"href":"https:\/\/cicb.com.br\/design2025\/wp-json\/wp\/v2\/posts\/2808","targetHints":{"allow":["GET"]}}],"collection":[{"href":"https:\/\/cicb.com.br\/design2025\/wp-json\/wp\/v2\/posts"}],"about":[{"href":"https:\/\/cicb.com.br\/design2025\/wp-json\/wp\/v2\/types\/post"}],"author":[{"embeddable":true,"href":"https:\/\/cicb.com.br\/design2025\/wp-json\/wp\/v2\/users\/2"}],"replies":[{"embeddable":true,"href":"https:\/\/cicb.com.br\/design2025\/wp-json\/wp\/v2\/comments?post=2808"}],"version-history":[{"count":0,"href":"https:\/\/cicb.com.br\/design2025\/wp-json\/wp\/v2\/posts\/2808\/revisions"}],"wp:featuredmedia":[{"embeddable":true,"href":"https:\/\/cicb.com.br\/design2025\/wp-json\/wp\/v2\/media\/2809"}],"wp:attachment":[{"href":"https:\/\/cicb.com.br\/design2025\/wp-json\/wp\/v2\/media?parent=2808"}],"wp:term":[{"taxonomy":"category","embeddable":true,"href":"https:\/\/cicb.com.br\/design2025\/wp-json\/wp\/v2\/categories?post=2808"},{"taxonomy":"post_tag","embeddable":true,"href":"https:\/\/cicb.com.br\/design2025\/wp-json\/wp\/v2\/tags?post=2808"}],"curies":[{"name":"wp","href":"https:\/\/api.w.org\/{rel}","templated":true}]}}