{"id":2814,"date":"2023-03-27T14:39:23","date_gmt":"2023-03-27T17:39:23","guid":{"rendered":"https:\/\/cicb.com.br\/design2025\/?p=2814"},"modified":"2025-06-02T11:26:29","modified_gmt":"2025-06-02T14:26:29","slug":"summit-do-esporte-universitario","status":"publish","type":"post","link":"https:\/\/cicb.com.br\/design2025\/2023\/03\/27\/summit-do-esporte-universitario\/","title":{"rendered":"SUMMIT DO ESPORTE UNIVERSIT\u00c1RIO"},"content":{"rendered":"\n<p>Recebemos a edi\u00e7\u00e3o de 2023 do SUMMIT do esporte universit\u00e1rio da CBDU (@cbdu), que contou com quatro pain\u00e9is com temas voltados para inova\u00e7\u00e3o, marketing, dupla carreira e atl\u00e9ticas. O evento aconteceu no piso 3 e reuniu profissionais do marketing esportivo, representantes de clubes brasileiros e o incr\u00edvel Diogo Silva, ex-atleta ol\u00edmpico e assessor especial do Minist\u00e9rio do Esporte.<\/p>\n\n\n\n<figure class=\"wp-block-image size-large\"><img fetchpriority=\"high\" decoding=\"async\" width=\"1024\" height=\"768\" src=\"https:\/\/cicb.com.br\/design2025\/wp-content\/uploads\/2023\/03\/version1uuid8F0C0DFF-B475-4A1F-80E2-9A50CDAF8428modecompatiblenoloc0-1024x768.jpeg\" alt=\"\" class=\"wp-image-2816\" srcset=\"https:\/\/cicb.com.br\/design2025\/wp-content\/uploads\/2023\/03\/version1uuid8F0C0DFF-B475-4A1F-80E2-9A50CDAF8428modecompatiblenoloc0-1024x768.jpeg 1024w, https:\/\/cicb.com.br\/design2025\/wp-content\/uploads\/2023\/03\/version1uuid8F0C0DFF-B475-4A1F-80E2-9A50CDAF8428modecompatiblenoloc0-300x225.jpeg 300w, https:\/\/cicb.com.br\/design2025\/wp-content\/uploads\/2023\/03\/version1uuid8F0C0DFF-B475-4A1F-80E2-9A50CDAF8428modecompatiblenoloc0-768x576.jpeg 768w, https:\/\/cicb.com.br\/design2025\/wp-content\/uploads\/2023\/03\/version1uuid8F0C0DFF-B475-4A1F-80E2-9A50CDAF8428modecompatiblenoloc0-1536x1152.jpeg 1536w, https:\/\/cicb.com.br\/design2025\/wp-content\/uploads\/2023\/03\/version1uuid8F0C0DFF-B475-4A1F-80E2-9A50CDAF8428modecompatiblenoloc0-2048x1536.jpeg 2048w\" sizes=\"(max-width: 1024px) 100vw, 1024px\" \/><\/figure>\n\n\n\n<p>Aconteceu tamb\u00e9m a premia\u00e7\u00e3o dos melhores atletas da temporada de 2022 da CBDU e reuniu autoridades como a vice-governadora Celina Le\u00e3o, o secret\u00e1rio de Esportes e Lazer do DF, Julio Cesar Ribeiro, e a secret\u00e1ria Giselle Ferreira, que est\u00e1 a frente da Secretaria de Estado da Mulher, al\u00e9m de atletas representantes de diversas universidades do Brasil.<\/p>\n\n\n\n<figure class=\"wp-block-image size-large\"><img decoding=\"async\" width=\"1024\" height=\"768\" src=\"https:\/\/cicb.com.br\/design2025\/wp-content\/uploads\/2023\/03\/version1uuid3C23C5CC-4979-42A7-81AE-A703947129DCmodecompatiblenoloc0-1024x768.jpeg\" alt=\"\" class=\"wp-image-2817\" srcset=\"https:\/\/cicb.com.br\/design2025\/wp-content\/uploads\/2023\/03\/version1uuid3C23C5CC-4979-42A7-81AE-A703947129DCmodecompatiblenoloc0-1024x768.jpeg 1024w, https:\/\/cicb.com.br\/design2025\/wp-content\/uploads\/2023\/03\/version1uuid3C23C5CC-4979-42A7-81AE-A703947129DCmodecompatiblenoloc0-300x225.jpeg 300w, https:\/\/cicb.com.br\/design2025\/wp-content\/uploads\/2023\/03\/version1uuid3C23C5CC-4979-42A7-81AE-A703947129DCmodecompatiblenoloc0-768x576.jpeg 768w, https:\/\/cicb.com.br\/design2025\/wp-content\/uploads\/2023\/03\/version1uuid3C23C5CC-4979-42A7-81AE-A703947129DCmodecompatiblenoloc0-1536x1152.jpeg 1536w, https:\/\/cicb.com.br\/design2025\/wp-content\/uploads\/2023\/03\/version1uuid3C23C5CC-4979-42A7-81AE-A703947129DCmodecompatiblenoloc0-2048x1536.jpeg 2048w\" sizes=\"(max-width: 1024px) 100vw, 1024px\" \/><\/figure>\n\n\n\n<p>Esse evento j\u00e1 deixou gostinho de quero mais, e em julho teremos aqui mais uma edi\u00e7\u00e3o das seletivas dos Jogos Universit\u00e1rios Brasileiros de 2023<\/p>\n","protected":false},"excerpt":{"rendered":"<p>Recebemos a edi\u00e7\u00e3o de 2023 do SUMMIT do esporte universit\u00e1rio da CBDU (@cbdu), que contou com quatro pain\u00e9is com temas voltados para inova\u00e7\u00e3o, marketing, dupla carreira e atl\u00e9ticas. O evento aconteceu no piso 3 e reuniu profissionais do marketing esportivo, representantes de clubes brasileiros e o incr\u00edvel Diogo Silva, ex-atleta ol\u00edmpico e assessor especial do [&hellip;]<\/p>\n","protected":false},"author":2,"featured_media":2815,"comment_status":"closed","ping_status":"closed","sticky":false,"template":"","format":"standard","meta":{"inline_featured_image":false,"footnotes":""},"categories":[6,13],"tags":[43,44,21,22,20],"class_list":["post-2814","post","type-post","status-publish","format-standard","has-post-thumbnail","hentry","category-eventos-recentes","category-eventos-sociais","tag-cbdu","tag-jubs2023","tag-cicb-eventos","tag-eventos-corporativos","tag-eventos-em-brasilia"],"_links":{"self":[{"href":"https:\/\/cicb.com.br\/design2025\/wp-json\/wp\/v2\/posts\/2814","targetHints":{"allow":["GET"]}}],"collection":[{"href":"https:\/\/cicb.com.br\/design2025\/wp-json\/wp\/v2\/posts"}],"about":[{"href":"https:\/\/cicb.com.br\/design2025\/wp-json\/wp\/v2\/types\/post"}],"author":[{"embeddable":true,"href":"https:\/\/cicb.com.br\/design2025\/wp-json\/wp\/v2\/users\/2"}],"replies":[{"embeddable":true,"href":"https:\/\/cicb.com.br\/design2025\/wp-json\/wp\/v2\/comments?post=2814"}],"version-history":[{"count":0,"href":"https:\/\/cicb.com.br\/design2025\/wp-json\/wp\/v2\/posts\/2814\/revisions"}],"wp:featuredmedia":[{"embeddable":true,"href":"https:\/\/cicb.com.br\/design2025\/wp-json\/wp\/v2\/media\/2815"}],"wp:attachment":[{"href":"https:\/\/cicb.com.br\/design2025\/wp-json\/wp\/v2\/media?parent=2814"}],"wp:term":[{"taxonomy":"category","embeddable":true,"href":"https:\/\/cicb.com.br\/design2025\/wp-json\/wp\/v2\/categories?post=2814"},{"taxonomy":"post_tag","embeddable":true,"href":"https:\/\/cicb.com.br\/design2025\/wp-json\/wp\/v2\/tags?post=2814"}],"curies":[{"name":"wp","href":"https:\/\/api.w.org\/{rel}","templated":true}]}}