{"id":2824,"date":"2023-03-30T16:47:00","date_gmt":"2023-03-30T19:47:00","guid":{"rendered":"https:\/\/cicb.com.br\/design2025\/?p=2824"},"modified":"2025-06-02T11:26:35","modified_gmt":"2025-06-02T14:26:35","slug":"xxiv-marcha-a-brasilia-em-defesa-dos-municipios","status":"publish","type":"post","link":"https:\/\/cicb.com.br\/design2025\/2023\/03\/30\/xxiv-marcha-a-brasilia-em-defesa-dos-municipios\/","title":{"rendered":"XXIV MARCHA A BRAS\u00cdLIA EM DEFESA DOS MUNIC\u00cdPIOS"},"content":{"rendered":"\n<p>A 24\u00aa edi\u00e7\u00e3o da Marcha a Bras\u00edlia em Defesa dos Munic\u00edpios reuniu na Plen\u00e1ria do Piso 3 mais de 10 mil inscritos para participar do maior evento municipalista do Pa\u00eds! Na ocasi\u00e3o, estiveram presentes prefeitos, vereadores, governadores, funcion\u00e1rios municipais, al\u00e9m da presen\u00e7a do vice presidente do Brasil, Geraldo Alckmin, que fomentou debates em prol da sa\u00fade, educa\u00e7\u00e3o, desenvolvimento social e seguran\u00e7a nos mais de 5 mil munic\u00edpios brasileiros.<\/p>\n\n\n\n<p>A realiza\u00e7\u00e3o deste evento aqui no CICB s\u00f3 foi poss\u00edvel porque dispomos de espa\u00e7os amplos que comportam diversas modula\u00e7\u00f5es e respeitam o layout de cada evento. Nossas equipes operacional e comercial proporcionam toda seguran\u00e7a ao acompanhar o cliente do planejamento \u00e0 finaliza\u00e7\u00e3o de cada evento. Somente um centro de conven\u00e7\u00f5es amplo, confort\u00e1vel, tecnol\u00f3gico e com m\u00faltiplas facetas \u00e9 capaz de receber um evento com tamanha magnitude!<\/p>\n\n\n\n<p>A Marcha dos Prefeitos, como \u00e9 conhecida, transforma Bras\u00edlia no verdadeiro ber\u00e7o pol\u00edtico do pa\u00eds, e tem como foco o trabalho e di\u00e1logo junto ao governo federal para melhoria da popula\u00e7\u00e3o atrav\u00e9s do pacto federativo.<\/p>\n\n\n\n<p>A experi\u00eancia \u00fanica que te d\u00e1 m\u00faltiplas op\u00e7\u00f5es em Bras\u00edlia s\u00f3 o CICB proporciona!<\/p>\n\n\n\n<p>Damos total autonomia ao seu evento, marque uma visita e conhe\u00e7a o centro de conven\u00e7\u00f5es que mudar\u00e1 os seus par\u00e2metros!<\/p>\n","protected":false},"excerpt":{"rendered":"<p>A 24\u00aa edi\u00e7\u00e3o da Marcha a Bras\u00edlia em Defesa dos Munic\u00edpios reuniu na Plen\u00e1ria do Piso 3 mais de 10 mil inscritos para participar do maior evento municipalista do Pa\u00eds! Na ocasi\u00e3o, estiveram presentes prefeitos, vereadores, governadores, funcion\u00e1rios municipais, al\u00e9m da presen\u00e7a do vice presidente do Brasil, Geraldo Alckmin, que fomentou debates em prol da [&hellip;]<\/p>\n","protected":false},"author":2,"featured_media":2825,"comment_status":"closed","ping_status":"closed","sticky":false,"template":"","format":"standard","meta":{"inline_featured_image":false,"footnotes":""},"categories":[12,13],"tags":[21,46,22,20,45],"class_list":["post-2824","post","type-post","status-publish","format-standard","has-post-thumbnail","hentry","category-eventos-corporativos","category-eventos-sociais","tag-cicb-eventos","tag-cnm","tag-eventos-corporativos","tag-eventos-em-brasilia","tag-marcha-dos-prefeitos"],"_links":{"self":[{"href":"https:\/\/cicb.com.br\/design2025\/wp-json\/wp\/v2\/posts\/2824","targetHints":{"allow":["GET"]}}],"collection":[{"href":"https:\/\/cicb.com.br\/design2025\/wp-json\/wp\/v2\/posts"}],"about":[{"href":"https:\/\/cicb.com.br\/design2025\/wp-json\/wp\/v2\/types\/post"}],"author":[{"embeddable":true,"href":"https:\/\/cicb.com.br\/design2025\/wp-json\/wp\/v2\/users\/2"}],"replies":[{"embeddable":true,"href":"https:\/\/cicb.com.br\/design2025\/wp-json\/wp\/v2\/comments?post=2824"}],"version-history":[{"count":0,"href":"https:\/\/cicb.com.br\/design2025\/wp-json\/wp\/v2\/posts\/2824\/revisions"}],"wp:featuredmedia":[{"embeddable":true,"href":"https:\/\/cicb.com.br\/design2025\/wp-json\/wp\/v2\/media\/2825"}],"wp:attachment":[{"href":"https:\/\/cicb.com.br\/design2025\/wp-json\/wp\/v2\/media?parent=2824"}],"wp:term":[{"taxonomy":"category","embeddable":true,"href":"https:\/\/cicb.com.br\/design2025\/wp-json\/wp\/v2\/categories?post=2824"},{"taxonomy":"post_tag","embeddable":true,"href":"https:\/\/cicb.com.br\/design2025\/wp-json\/wp\/v2\/tags?post=2824"}],"curies":[{"name":"wp","href":"https:\/\/api.w.org\/{rel}","templated":true}]}}