{"id":2828,"date":"2023-04-05T12:57:23","date_gmt":"2023-04-05T15:57:23","guid":{"rendered":"https:\/\/cicb.com.br\/design2025\/?p=2828"},"modified":"2025-06-02T11:26:41","modified_gmt":"2025-06-02T14:26:41","slug":"vi-conferencia-nacional-pchs","status":"publish","type":"post","link":"https:\/\/cicb.com.br\/design2025\/2023\/04\/05\/vi-conferencia-nacional-pchs\/","title":{"rendered":"VI CONFER\u00caNCIA NACIONAL PCHs"},"content":{"rendered":"\n<p>Protocolos de sustentabilidade, mapeamento, qualifica\u00e7\u00e3o e quantifica\u00e7\u00e3o dos atributos\/ativos ambientais foram temas da lV Confer\u00eancia Nacional de PCHs, organizada pela Associa\u00e7\u00e3o Brasileira de Pequenas Centrais Hidrel\u00e9tricas e Centrais Geradoras Hidrel\u00e9tricas- ABRAPCH.<\/p>\n\n\n\n<p>As salas modul\u00e1veis do piso 1 se transformaram em uma linda e extensa \u00e1rea de exposi\u00e7\u00e3o, tamb\u00e9m foi montado um audit\u00f3rio para mais de 700 participantes e sala no formato escolar para f\u00f3rum e debates.<\/p>\n\n\n\n<p>Os participantes que n\u00e3o residem em Bras\u00edlia foram recebidos nas acomoda\u00e7\u00f5es do CICB Hospitality e desfrutaram da praticidade de hospedar-se no melhor hotel para eventos da Capital!<\/p>\n\n\n\n<p>O Centro de Conven\u00e7\u00f5es mais completo do Brasil bem perto de voc\u00ea, na capital do pa\u00eds, \u00e0s margens do lago Parano\u00e1, pr\u00f3ximo do aeroporto e dos principais pontos tur\u00edsticos da Cidade!<\/p>\n","protected":false},"excerpt":{"rendered":"<p>Protocolos de sustentabilidade, mapeamento, qualifica\u00e7\u00e3o e quantifica\u00e7\u00e3o dos atributos\/ativos ambientais foram temas da lV Confer\u00eancia Nacional de PCHs, organizada pela Associa\u00e7\u00e3o Brasileira de Pequenas Centrais Hidrel\u00e9tricas e Centrais Geradoras Hidrel\u00e9tricas- ABRAPCH. As salas modul\u00e1veis do piso 1 se transformaram em uma linda e extensa \u00e1rea de exposi\u00e7\u00e3o, tamb\u00e9m foi montado um audit\u00f3rio para mais de [&hellip;]<\/p>\n","protected":false},"author":2,"featured_media":2829,"comment_status":"closed","ping_status":"closed","sticky":false,"template":"","format":"standard","meta":{"inline_featured_image":false,"footnotes":""},"categories":[13,14],"tags":[21,22,20],"class_list":["post-2828","post","type-post","status-publish","format-standard","has-post-thumbnail","hentry","category-eventos-sociais","category-feiras-de-negocios","tag-cicb-eventos","tag-eventos-corporativos","tag-eventos-em-brasilia"],"_links":{"self":[{"href":"https:\/\/cicb.com.br\/design2025\/wp-json\/wp\/v2\/posts\/2828","targetHints":{"allow":["GET"]}}],"collection":[{"href":"https:\/\/cicb.com.br\/design2025\/wp-json\/wp\/v2\/posts"}],"about":[{"href":"https:\/\/cicb.com.br\/design2025\/wp-json\/wp\/v2\/types\/post"}],"author":[{"embeddable":true,"href":"https:\/\/cicb.com.br\/design2025\/wp-json\/wp\/v2\/users\/2"}],"replies":[{"embeddable":true,"href":"https:\/\/cicb.com.br\/design2025\/wp-json\/wp\/v2\/comments?post=2828"}],"version-history":[{"count":0,"href":"https:\/\/cicb.com.br\/design2025\/wp-json\/wp\/v2\/posts\/2828\/revisions"}],"wp:featuredmedia":[{"embeddable":true,"href":"https:\/\/cicb.com.br\/design2025\/wp-json\/wp\/v2\/media\/2829"}],"wp:attachment":[{"href":"https:\/\/cicb.com.br\/design2025\/wp-json\/wp\/v2\/media?parent=2828"}],"wp:term":[{"taxonomy":"category","embeddable":true,"href":"https:\/\/cicb.com.br\/design2025\/wp-json\/wp\/v2\/categories?post=2828"},{"taxonomy":"post_tag","embeddable":true,"href":"https:\/\/cicb.com.br\/design2025\/wp-json\/wp\/v2\/tags?post=2828"}],"curies":[{"name":"wp","href":"https:\/\/api.w.org\/{rel}","templated":true}]}}