{"id":2835,"date":"2023-04-12T16:25:28","date_gmt":"2023-04-12T19:25:28","guid":{"rendered":"https:\/\/cicb.com.br\/design2025\/?p=2835"},"modified":"2025-06-02T11:26:49","modified_gmt":"2025-06-02T14:26:49","slug":"infusao-4-0","status":"publish","type":"post","link":"https:\/\/cicb.com.br\/design2025\/2023\/04\/12\/infusao-4-0\/","title":{"rendered":"INFUS\u00c3O 4.0"},"content":{"rendered":"\n<p>Recebemos o INFUS\u00c3O 4.0, ministrado pelo especialista em gest\u00e3o, marketing e vendas, Ravell Nava, que trouxe uma imers\u00e3o de 36 horas no mundo digital e na gest\u00e3o de equipes de alta performance. O evento foi exclusivo para alunos e membros da 15\u00aa turma e reuniu cerca de 28 empres\u00e1rios que mergulharam para entender e aprender sobre a metodologia Tr\u00edade do Tempo.<\/p>\n\n\n\n<p>As modula\u00e7\u00f5es do Piso 4 oferecem possibilidades de eventos mais intimistas e exclusivos, como palestras e workshops. Montagens em formato U d\u00e3o aos participantes vis\u00e3o ampla do palco e do que est\u00e1 sendo ministrado, e assim facilita a conex\u00e3o entre palestrante&amp;participante.<\/p>\n\n\n\n<p>Boas performances come\u00e7am nas aulas e nossos espa\u00e7os te proporcionam o conforto e praticidade que seu neg\u00f3cio precisa!<\/p>\n","protected":false},"excerpt":{"rendered":"<p>Recebemos o INFUS\u00c3O 4.0, ministrado pelo especialista em gest\u00e3o, marketing e vendas, Ravell Nava, que trouxe uma imers\u00e3o de 36 horas no mundo digital e na gest\u00e3o de equipes de alta performance. O evento foi exclusivo para alunos e membros da 15\u00aa turma e reuniu cerca de 28 empres\u00e1rios que mergulharam para entender e aprender [&hellip;]<\/p>\n","protected":false},"author":2,"featured_media":2836,"comment_status":"closed","ping_status":"closed","sticky":false,"template":"","format":"standard","meta":{"inline_featured_image":false,"footnotes":""},"categories":[12,13],"tags":[22,20],"class_list":["post-2835","post","type-post","status-publish","format-standard","has-post-thumbnail","hentry","category-eventos-corporativos","category-eventos-sociais","tag-eventos-corporativos","tag-eventos-em-brasilia"],"_links":{"self":[{"href":"https:\/\/cicb.com.br\/design2025\/wp-json\/wp\/v2\/posts\/2835","targetHints":{"allow":["GET"]}}],"collection":[{"href":"https:\/\/cicb.com.br\/design2025\/wp-json\/wp\/v2\/posts"}],"about":[{"href":"https:\/\/cicb.com.br\/design2025\/wp-json\/wp\/v2\/types\/post"}],"author":[{"embeddable":true,"href":"https:\/\/cicb.com.br\/design2025\/wp-json\/wp\/v2\/users\/2"}],"replies":[{"embeddable":true,"href":"https:\/\/cicb.com.br\/design2025\/wp-json\/wp\/v2\/comments?post=2835"}],"version-history":[{"count":0,"href":"https:\/\/cicb.com.br\/design2025\/wp-json\/wp\/v2\/posts\/2835\/revisions"}],"wp:featuredmedia":[{"embeddable":true,"href":"https:\/\/cicb.com.br\/design2025\/wp-json\/wp\/v2\/media\/2836"}],"wp:attachment":[{"href":"https:\/\/cicb.com.br\/design2025\/wp-json\/wp\/v2\/media?parent=2835"}],"wp:term":[{"taxonomy":"category","embeddable":true,"href":"https:\/\/cicb.com.br\/design2025\/wp-json\/wp\/v2\/categories?post=2835"},{"taxonomy":"post_tag","embeddable":true,"href":"https:\/\/cicb.com.br\/design2025\/wp-json\/wp\/v2\/tags?post=2835"}],"curies":[{"name":"wp","href":"https:\/\/api.w.org\/{rel}","templated":true}]}}