{"id":2868,"date":"2023-05-09T22:15:52","date_gmt":"2023-05-10T01:15:52","guid":{"rendered":"https:\/\/cicb.com.br\/design2025\/?p=2868"},"modified":"2023-05-10T22:20:35","modified_gmt":"2023-05-11T01:20:35","slug":"jornal-de-brasilia-o-maior-centro-para-congressos-e-convencoes-da-america-do-sul-esta-em-brasilia","status":"publish","type":"post","link":"https:\/\/cicb.com.br\/design2025\/2023\/05\/09\/jornal-de-brasilia-o-maior-centro-para-congressos-e-convencoes-da-america-do-sul-esta-em-brasilia\/","title":{"rendered":"Jornal de Bras\u00edlia : O maior centro para congressos e conven\u00e7\u00f5es da Am\u00e9rica do Sul est\u00e1 em Bras\u00edlia"},"content":{"rendered":"\t\t<div data-elementor-type=\"wp-post\" data-elementor-id=\"2868\" class=\"elementor elementor-2868\" data-elementor-post-type=\"post\">\n\t\t\t\t\t\t<section class=\"elementor-section elementor-top-section elementor-element elementor-element-4df6492 elementor-section-boxed elementor-section-height-default elementor-section-height-default\" data-id=\"4df6492\" data-element_type=\"section\" data-e-type=\"section\">\n\t\t\t\t\t\t<div class=\"elementor-container elementor-column-gap-default\">\n\t\t\t\t\t<div class=\"elementor-column elementor-col-100 elementor-top-column elementor-element elementor-element-d5b3168\" data-id=\"d5b3168\" data-element_type=\"column\" data-e-type=\"column\">\n\t\t\t<div class=\"elementor-widget-wrap elementor-element-populated\">\n\t\t\t\t\t\t<div class=\"elementor-element elementor-element-64c8b72 elementor-widget elementor-widget-heading\" data-id=\"64c8b72\" data-element_type=\"widget\" data-e-type=\"widget\" data-widget_type=\"heading.default\">\n\t\t\t\t\t<h2 class=\"elementor-heading-title elementor-size-default\"><a href=\"https:\/\/jornaldebrasilia.com.br\/brasilia\/o-maior-centro-para-congressos-e-convencoes-da-america-do-sul-esta-em-brasilia\/\" target=\"_blank\" rel=\"noopener\">Jornal de Bras\u00edlia<\/a><\/h2>\t\t\t\t<\/div>\n\t\t\t\t\t<\/div>\n\t\t<\/div>\n\t\t\t\t\t<\/div>\n\t\t<\/section>\n\t\t\t\t<\/div>\n\t\t","protected":false},"excerpt":{"rendered":"<p>Jornal de Bras\u00edlia<\/p>\n","protected":false},"author":3,"featured_media":2840,"comment_status":"closed","ping_status":"closed","sticky":false,"template":"","format":"standard","meta":{"inline_featured_image":false,"footnotes":""},"categories":[39],"tags":[21,22,20],"class_list":["post-2868","post","type-post","status-publish","format-standard","has-post-thumbnail","hentry","category-midia","tag-cicb-eventos","tag-eventos-corporativos","tag-eventos-em-brasilia"],"_links":{"self":[{"href":"https:\/\/cicb.com.br\/design2025\/wp-json\/wp\/v2\/posts\/2868","targetHints":{"allow":["GET"]}}],"collection":[{"href":"https:\/\/cicb.com.br\/design2025\/wp-json\/wp\/v2\/posts"}],"about":[{"href":"https:\/\/cicb.com.br\/design2025\/wp-json\/wp\/v2\/types\/post"}],"author":[{"embeddable":true,"href":"https:\/\/cicb.com.br\/design2025\/wp-json\/wp\/v2\/users\/3"}],"replies":[{"embeddable":true,"href":"https:\/\/cicb.com.br\/design2025\/wp-json\/wp\/v2\/comments?post=2868"}],"version-history":[{"count":0,"href":"https:\/\/cicb.com.br\/design2025\/wp-json\/wp\/v2\/posts\/2868\/revisions"}],"wp:featuredmedia":[{"embeddable":true,"href":"https:\/\/cicb.com.br\/design2025\/wp-json\/wp\/v2\/media\/2840"}],"wp:attachment":[{"href":"https:\/\/cicb.com.br\/design2025\/wp-json\/wp\/v2\/media?parent=2868"}],"wp:term":[{"taxonomy":"category","embeddable":true,"href":"https:\/\/cicb.com.br\/design2025\/wp-json\/wp\/v2\/categories?post=2868"},{"taxonomy":"post_tag","embeddable":true,"href":"https:\/\/cicb.com.br\/design2025\/wp-json\/wp\/v2\/tags?post=2868"}],"curies":[{"name":"wp","href":"https:\/\/api.w.org\/{rel}","templated":true}]}}