{"id":2878,"date":"2023-05-19T12:50:32","date_gmt":"2023-05-19T15:50:32","guid":{"rendered":"https:\/\/cicb.com.br\/design2025\/?p=2878"},"modified":"2025-06-02T11:27:12","modified_gmt":"2025-06-02T14:27:12","slug":"conferencia-livre-da-vigilancia-em-saude-e-ambiente","status":"publish","type":"post","link":"https:\/\/cicb.com.br\/design2025\/2023\/05\/19\/conferencia-livre-da-vigilancia-em-saude-e-ambiente\/","title":{"rendered":"CONFER\u00caNCIA LIVRE DA VIGIL\u00c2NCIA EM SA\u00daDE E AMBIENTE"},"content":{"rendered":"\n<p>J\u00e1 pensou realizar o seu evento no Centro de Conven\u00e7\u00f5es que \u00e9 refer\u00eancia em sustentabilidade, tecnologia e conforto?<\/p>\n\n\n\n<p>\u00danico da Am\u00e9rica do Sul que \u00e9 completo e vers\u00e1til, o CICB \u00e9 composto por divis\u00f3rias modulares que permitem montar mais de 120 salas modulares simult\u00e2neas com o que existe de mais moderno em isolamento ac\u00fastico.<\/p>\n\n\n\n<p>Em nossos ambientes, al\u00e9m de salas para eventos com p\u00e9 direito alto, lobby para exposi\u00e7\u00f5es, feiras, espa\u00e7o bistr\u00f4 e credenciamento, dispomos tamb\u00e9m de um restaurante com capacidade para 1.100 participantes\/dia, sem que haja a necessidade de sair do local para alimenta\u00e7\u00e3o. Total comodidade para voc\u00ea!<\/p>\n\n\n\n<p>Venha para o CICB e eleve o padr\u00e3o do seu evento!<br>Agende uma visita atrav\u00e9s do e-mail:&nbsp;<a href=\"mailto:comercial@cicb.com.br\">comercial@cicb.com.br<\/a>&nbsp;ou WhatsApp: (61) 2196-9030.<\/p>\n\n\n\n<p><a href=\"https:\/\/www.linkedin.com\/feed\/hashtag\/?keywords=cicbeventos&amp;highlightedUpdateUrns=urn%3Ali%3Aactivity%3A7065346063741632513\" target=\"_blank\" rel=\"noopener\">#cicbeventos<\/a><a href=\"https:\/\/www.linkedin.com\/feed\/hashtag\/?keywords=minsaude&amp;highlightedUpdateUrns=urn%3Ali%3Aactivity%3A7065346063741632513\" target=\"_blank\" rel=\"noopener\">#minsaude<\/a><a href=\"https:\/\/www.linkedin.com\/feed\/hashtag\/?keywords=eventoscorporativos&amp;highlightedUpdateUrns=urn%3Ali%3Aactivity%3A7065346063741632513\" target=\"_blank\" rel=\"noopener\">#eventoscorporativos<\/a><a href=\"https:\/\/www.linkedin.com\/feed\/hashtag\/?keywords=eventosembrasilia&amp;highlightedUpdateUrns=urn%3Ali%3Aactivity%3A7065346063741632513\" target=\"_blank\" rel=\"noopener\">#eventosembrasilia<\/a><a href=\"https:\/\/www.linkedin.com\/feed\/hashtag\/?keywords=lobby&amp;highlightedUpdateUrns=urn%3Ali%3Aactivity%3A7065346063741632513\" target=\"_blank\" rel=\"noopener\">#lobby<\/a><a href=\"https:\/\/www.linkedin.com\/feed\/hashtag\/?keywords=exposi%C3%A7%C3%A3o&amp;highlightedUpdateUrns=urn%3Ali%3Aactivity%3A7065346063741632513\" target=\"_blank\" rel=\"noopener\">#exposi\u00e7\u00e3o<\/a><a href=\"https:\/\/www.linkedin.com\/feed\/hashtag\/?keywords=credenciamento&amp;highlightedUpdateUrns=urn%3Ali%3Aactivity%3A7065346063741632513\" target=\"_blank\" rel=\"noopener\">#credenciamento<\/a><a href=\"https:\/\/www.linkedin.com\/feed\/hashtag\/?keywords=sustentabilidade&amp;highlightedUpdateUrns=urn%3Ali%3Aactivity%3A7065346063741632513\" target=\"_blank\" rel=\"noopener\">#sustentabilidade<\/a><a href=\"https:\/\/www.linkedin.com\/feed\/hashtag\/?keywords=tecnologia&amp;highlightedUpdateUrns=urn%3Ali%3Aactivity%3A7065346063741632513\" target=\"_blank\" rel=\"noopener\">#tecnologia<\/a><\/p>\n","protected":false},"excerpt":{"rendered":"<p>J\u00e1 pensou realizar o seu evento no Centro de Conven\u00e7\u00f5es que \u00e9 refer\u00eancia em sustentabilidade, tecnologia e conforto? \u00danico da Am\u00e9rica do Sul que \u00e9 completo e vers\u00e1til, o CICB \u00e9 composto por divis\u00f3rias modulares que permitem montar mais de 120 salas modulares simult\u00e2neas com o que existe de mais moderno em isolamento ac\u00fastico. Em [&hellip;]<\/p>\n","protected":false},"author":2,"featured_media":2879,"comment_status":"closed","ping_status":"closed","sticky":false,"template":"","format":"standard","meta":{"inline_featured_image":false,"footnotes":""},"categories":[12,42],"tags":[],"class_list":["post-2878","post","type-post","status-publish","format-standard","has-post-thumbnail","hentry","category-eventos-corporativos","category-eventos-medicos"],"_links":{"self":[{"href":"https:\/\/cicb.com.br\/design2025\/wp-json\/wp\/v2\/posts\/2878","targetHints":{"allow":["GET"]}}],"collection":[{"href":"https:\/\/cicb.com.br\/design2025\/wp-json\/wp\/v2\/posts"}],"about":[{"href":"https:\/\/cicb.com.br\/design2025\/wp-json\/wp\/v2\/types\/post"}],"author":[{"embeddable":true,"href":"https:\/\/cicb.com.br\/design2025\/wp-json\/wp\/v2\/users\/2"}],"replies":[{"embeddable":true,"href":"https:\/\/cicb.com.br\/design2025\/wp-json\/wp\/v2\/comments?post=2878"}],"version-history":[{"count":0,"href":"https:\/\/cicb.com.br\/design2025\/wp-json\/wp\/v2\/posts\/2878\/revisions"}],"wp:featuredmedia":[{"embeddable":true,"href":"https:\/\/cicb.com.br\/design2025\/wp-json\/wp\/v2\/media\/2879"}],"wp:attachment":[{"href":"https:\/\/cicb.com.br\/design2025\/wp-json\/wp\/v2\/media?parent=2878"}],"wp:term":[{"taxonomy":"category","embeddable":true,"href":"https:\/\/cicb.com.br\/design2025\/wp-json\/wp\/v2\/categories?post=2878"},{"taxonomy":"post_tag","embeddable":true,"href":"https:\/\/cicb.com.br\/design2025\/wp-json\/wp\/v2\/tags?post=2878"}],"curies":[{"name":"wp","href":"https:\/\/api.w.org\/{rel}","templated":true}]}}