{"id":2900,"date":"2023-07-22T20:41:09","date_gmt":"2023-07-22T23:41:09","guid":{"rendered":"https:\/\/cicb.com.br\/design2025\/?p=2900"},"modified":"2023-07-22T20:48:57","modified_gmt":"2023-07-22T23:48:57","slug":"metropoles-cicb-inaugura-novo-espaco-para-eventos-sociais-com-vista-para-o-lago-2","status":"publish","type":"post","link":"https:\/\/cicb.com.br\/design2025\/2023\/07\/22\/metropoles-cicb-inaugura-novo-espaco-para-eventos-sociais-com-vista-para-o-lago-2\/","title":{"rendered":"Jornal de Bras\u00edlia : Giovana Suaiden e Edgard Coelho se casam com cerim\u00f4nia ao p\u00f4r do sol em Bras\u00edlia"},"content":{"rendered":"\t\t<div data-elementor-type=\"wp-post\" data-elementor-id=\"2900\" class=\"elementor elementor-2900\" data-elementor-post-type=\"post\">\n\t\t\t\t\t\t<section class=\"elementor-section elementor-top-section elementor-element elementor-element-4df6492 elementor-section-boxed elementor-section-height-default elementor-section-height-default\" data-id=\"4df6492\" data-element_type=\"section\" data-e-type=\"section\">\n\t\t\t\t\t\t<div class=\"elementor-container elementor-column-gap-default\">\n\t\t\t\t\t<div class=\"elementor-column elementor-col-100 elementor-top-column elementor-element elementor-element-d5b3168\" data-id=\"d5b3168\" data-element_type=\"column\" data-e-type=\"column\">\n\t\t\t<div class=\"elementor-widget-wrap elementor-element-populated\">\n\t\t\t\t\t\t<div class=\"elementor-element elementor-element-64c8b72 elementor-widget elementor-widget-heading\" data-id=\"64c8b72\" data-element_type=\"widget\" data-e-type=\"widget\" data-widget_type=\"heading.default\">\n\t\t\t\t\t<h2 class=\"elementor-heading-title elementor-size-default\"><a href=\"https:\/\/jornaldebrasilia.com.br\/blogs-e-colunas\/marcelo-chaves\/giovana-suaiden-e-edgard-coelho-se-casam-com-cerimonia-ao-por-do-sol-em-brasilia\/\" target=\"_blank\" rel=\"noopener\">Jornal de Bras\u00edlia<\/a><\/h2>\t\t\t\t<\/div>\n\t\t\t\t\t<\/div>\n\t\t<\/div>\n\t\t\t\t\t<\/div>\n\t\t<\/section>\n\t\t\t\t<\/div>\n\t\t","protected":false},"excerpt":{"rendered":"<p>Jornal de Bras\u00edlia<\/p>\n","protected":false},"author":3,"featured_media":2906,"comment_status":"closed","ping_status":"closed","sticky":false,"template":"","format":"standard","meta":{"inline_featured_image":false,"footnotes":""},"categories":[39],"tags":[21,22,20],"class_list":["post-2900","post","type-post","status-publish","format-standard","has-post-thumbnail","hentry","category-midia","tag-cicb-eventos","tag-eventos-corporativos","tag-eventos-em-brasilia"],"_links":{"self":[{"href":"https:\/\/cicb.com.br\/design2025\/wp-json\/wp\/v2\/posts\/2900","targetHints":{"allow":["GET"]}}],"collection":[{"href":"https:\/\/cicb.com.br\/design2025\/wp-json\/wp\/v2\/posts"}],"about":[{"href":"https:\/\/cicb.com.br\/design2025\/wp-json\/wp\/v2\/types\/post"}],"author":[{"embeddable":true,"href":"https:\/\/cicb.com.br\/design2025\/wp-json\/wp\/v2\/users\/3"}],"replies":[{"embeddable":true,"href":"https:\/\/cicb.com.br\/design2025\/wp-json\/wp\/v2\/comments?post=2900"}],"version-history":[{"count":0,"href":"https:\/\/cicb.com.br\/design2025\/wp-json\/wp\/v2\/posts\/2900\/revisions"}],"wp:featuredmedia":[{"embeddable":true,"href":"https:\/\/cicb.com.br\/design2025\/wp-json\/wp\/v2\/media\/2906"}],"wp:attachment":[{"href":"https:\/\/cicb.com.br\/design2025\/wp-json\/wp\/v2\/media?parent=2900"}],"wp:term":[{"taxonomy":"category","embeddable":true,"href":"https:\/\/cicb.com.br\/design2025\/wp-json\/wp\/v2\/categories?post=2900"},{"taxonomy":"post_tag","embeddable":true,"href":"https:\/\/cicb.com.br\/design2025\/wp-json\/wp\/v2\/tags?post=2900"}],"curies":[{"name":"wp","href":"https:\/\/api.w.org\/{rel}","templated":true}]}}