{"id":419,"date":"2019-10-08T22:50:00","date_gmt":"2019-10-08T22:50:00","guid":{"rendered":"https:\/\/cicb.com.br\/design2025\/2021\/?p=419"},"modified":"2021-12-08T13:44:50","modified_gmt":"2021-12-08T13:44:50","slug":"gran-slam-de-judo-2019-sera-disputado-em-outubro-no-cicb","status":"publish","type":"post","link":"https:\/\/cicb.com.br\/design2025\/2019\/10\/08\/gran-slam-de-judo-2019-sera-disputado-em-outubro-no-cicb\/","title":{"rendered":"Gran Slam de Jud\u00f4 2019 ser\u00e1 disputado em outubro no CICB"},"content":{"rendered":"\n<p>A Federa\u00e7\u00e3o Internacional de Jud\u00f4 (IJF) e a Confedera\u00e7\u00e3o Brasileira de Jud\u00f4 (CBJ) anunciaram que uma das mais importantes competi\u00e7\u00f5es internacionais da categoria, o&nbsp;<strong>Gram Slam de Jud\u00f4<\/strong>, ser\u00e1 disputada em Bras\u00edlia, no CICB &#8211; Centro Internacional de Conven\u00e7\u00f5es do Brasil, de 6 a 8 de outubro de 2019.&nbsp;A competi\u00e7\u00e3o esportiva est\u00e1 sendo organizada pela CBJ e ser\u00e1 um evento de classifica\u00e7\u00e3o ol\u00edmpica, distribuindo at\u00e9 1000 pontos no ranking da IJF.<\/p>\n","protected":false},"excerpt":{"rendered":"<p>A Federa\u00e7\u00e3o Internacional de Jud\u00f4 (IJF) e a Confedera\u00e7\u00e3o Brasileira de Jud\u00f4 (CBJ) anunciaram que uma das mais importantes competi\u00e7\u00f5es internacionais da categoria, o&nbsp;Gram Slam de Jud\u00f4, ser\u00e1 disputada em Bras\u00edlia, no CICB &#8211; Centro Internacional de Conven\u00e7\u00f5es do Brasil, de 6 a 8 de outubro de 2019.&nbsp;A competi\u00e7\u00e3o esportiva est\u00e1 sendo organizada pela CBJ [&hellip;]<\/p>\n","protected":false},"author":3,"featured_media":370,"comment_status":"closed","ping_status":"closed","sticky":false,"template":"","format":"standard","meta":{"inline_featured_image":false,"footnotes":""},"categories":[13],"tags":[],"class_list":["post-419","post","type-post","status-publish","format-standard","has-post-thumbnail","hentry","category-eventos-sociais"],"_links":{"self":[{"href":"https:\/\/cicb.com.br\/design2025\/wp-json\/wp\/v2\/posts\/419","targetHints":{"allow":["GET"]}}],"collection":[{"href":"https:\/\/cicb.com.br\/design2025\/wp-json\/wp\/v2\/posts"}],"about":[{"href":"https:\/\/cicb.com.br\/design2025\/wp-json\/wp\/v2\/types\/post"}],"author":[{"embeddable":true,"href":"https:\/\/cicb.com.br\/design2025\/wp-json\/wp\/v2\/users\/3"}],"replies":[{"embeddable":true,"href":"https:\/\/cicb.com.br\/design2025\/wp-json\/wp\/v2\/comments?post=419"}],"version-history":[{"count":0,"href":"https:\/\/cicb.com.br\/design2025\/wp-json\/wp\/v2\/posts\/419\/revisions"}],"wp:featuredmedia":[{"embeddable":true,"href":"https:\/\/cicb.com.br\/design2025\/wp-json\/wp\/v2\/media\/370"}],"wp:attachment":[{"href":"https:\/\/cicb.com.br\/design2025\/wp-json\/wp\/v2\/media?parent=419"}],"wp:term":[{"taxonomy":"category","embeddable":true,"href":"https:\/\/cicb.com.br\/design2025\/wp-json\/wp\/v2\/categories?post=419"},{"taxonomy":"post_tag","embeddable":true,"href":"https:\/\/cicb.com.br\/design2025\/wp-json\/wp\/v2\/tags?post=419"}],"curies":[{"name":"wp","href":"https:\/\/api.w.org\/{rel}","templated":true}]}}