{"id":4497,"date":"2024-09-28T22:18:45","date_gmt":"2024-09-29T01:18:45","guid":{"rendered":"https:\/\/cicb.com.br\/design2025\/?p=4497"},"modified":"2024-09-28T22:20:24","modified_gmt":"2024-09-29T01:20:24","slug":"51a-abav-expo-sera-no-centro-internacional-de-convencoes-do-brasil","status":"publish","type":"post","link":"https:\/\/cicb.com.br\/design2025\/2024\/09\/28\/51a-abav-expo-sera-no-centro-internacional-de-convencoes-do-brasil\/","title":{"rendered":"51\u00aa Abav Expo ser\u00e1 no Centro Internacional de Conven\u00e7\u00f5es do Brasil"},"content":{"rendered":"\t\t<div data-elementor-type=\"wp-post\" data-elementor-id=\"4497\" class=\"elementor elementor-4497\" data-elementor-post-type=\"post\">\n\t\t\t\t\t\t<section class=\"elementor-section elementor-top-section elementor-element elementor-element-4df6492 elementor-section-boxed elementor-section-height-default elementor-section-height-default\" data-id=\"4df6492\" data-element_type=\"section\" data-e-type=\"section\">\n\t\t\t\t\t\t<div class=\"elementor-container elementor-column-gap-default\">\n\t\t\t\t\t<div class=\"elementor-column elementor-col-100 elementor-top-column elementor-element elementor-element-d5b3168\" data-id=\"d5b3168\" data-element_type=\"column\" data-e-type=\"column\">\n\t\t\t<div class=\"elementor-widget-wrap elementor-element-populated\">\n\t\t\t\t\t\t<div class=\"elementor-element elementor-element-64c8b72 elementor-widget elementor-widget-heading\" data-id=\"64c8b72\" data-element_type=\"widget\" data-e-type=\"widget\" data-widget_type=\"heading.default\">\n\t\t\t\t\t<h2 class=\"elementor-heading-title elementor-size-default\"><a href=\"https:\/\/www.metropoles.com\/conteudo-especial\/51a-abav-expo-centro-convencoes\" target=\"_blank\" rel=\"noopener\">Metr\u00f3poles<\/a><\/h2>\t\t\t\t<\/div>\n\t\t\t\t\t<\/div>\n\t\t<\/div>\n\t\t\t\t\t<\/div>\n\t\t<\/section>\n\t\t\t\t<\/div>\n\t\t","protected":false},"excerpt":{"rendered":"<p>Metr\u00f3poles<\/p>\n","protected":false},"author":3,"featured_media":4498,"comment_status":"closed","ping_status":"closed","sticky":false,"template":"","format":"standard","meta":{"inline_featured_image":false,"footnotes":""},"categories":[39],"tags":[21,22,20],"class_list":["post-4497","post","type-post","status-publish","format-standard","has-post-thumbnail","hentry","category-midia","tag-cicb-eventos","tag-eventos-corporativos","tag-eventos-em-brasilia"],"_links":{"self":[{"href":"https:\/\/cicb.com.br\/design2025\/wp-json\/wp\/v2\/posts\/4497","targetHints":{"allow":["GET"]}}],"collection":[{"href":"https:\/\/cicb.com.br\/design2025\/wp-json\/wp\/v2\/posts"}],"about":[{"href":"https:\/\/cicb.com.br\/design2025\/wp-json\/wp\/v2\/types\/post"}],"author":[{"embeddable":true,"href":"https:\/\/cicb.com.br\/design2025\/wp-json\/wp\/v2\/users\/3"}],"replies":[{"embeddable":true,"href":"https:\/\/cicb.com.br\/design2025\/wp-json\/wp\/v2\/comments?post=4497"}],"version-history":[{"count":0,"href":"https:\/\/cicb.com.br\/design2025\/wp-json\/wp\/v2\/posts\/4497\/revisions"}],"wp:featuredmedia":[{"embeddable":true,"href":"https:\/\/cicb.com.br\/design2025\/wp-json\/wp\/v2\/media\/4498"}],"wp:attachment":[{"href":"https:\/\/cicb.com.br\/design2025\/wp-json\/wp\/v2\/media?parent=4497"}],"wp:term":[{"taxonomy":"category","embeddable":true,"href":"https:\/\/cicb.com.br\/design2025\/wp-json\/wp\/v2\/categories?post=4497"},{"taxonomy":"post_tag","embeddable":true,"href":"https:\/\/cicb.com.br\/design2025\/wp-json\/wp\/v2\/tags?post=4497"}],"curies":[{"name":"wp","href":"https:\/\/api.w.org\/{rel}","templated":true}]}}